{"id":1090,"date":"2014-04-21T14:00:28","date_gmt":"2014-04-21T12:00:28","guid":{"rendered":"http:\/\/sebastiandiezig.com\/wordpress\/?p=1090"},"modified":"2014-04-21T08:10:51","modified_gmt":"2014-04-21T06:10:51","slug":"video-das-luzerner-sinfonieorchester-im-kkl","status":"publish","type":"post","link":"https:\/\/sebastiandiezig.com\/wordpress\/video-das-luzerner-sinfonieorchester-im-kkl\/","title":{"rendered":"Video: Das Luzerner Sinfonieorchester im KKL"},"content":{"rendered":"<p>Zwar spiele ich oft als Solist und Kammermusiker. Seit vier Jahren habe ich aber auch eine 100%-Stelle als Stellvertretender Solo-Cellist im Luzerner Sinfonieorchester. In diesem aufw\u00e4ndig produzierten Video kannst du meinen Orchesterkollegen und mir bei der t\u00e4glichen Arbeit im KKL zuschauen. Die Leitung hat Chefdirigent James Gaffigan. Viel Vergn\u00fcgen!<\/p>\n<p><iframe loading=\"lazy\" title=\"Luzerner Sinfonieorchester\" width=\"980\" height=\"551\" src=\"https:\/\/www.youtube.com\/embed\/2oAW9cmRsX0?feature=oembed\" frameborder=\"0\" allow=\"accelerometer; autoplay; clipboard-write; encrypted-media; gyroscope; picture-in-picture; web-share\" allowfullscreen><\/iframe><\/p>\n","protected":false},"excerpt":{"rendered":"<p>Zwar spiele ich oft als Solist und Kammermusiker. Seit vier Jahren habe ich aber auch eine 100%-Stelle als Stellvertretender Solo-Cellist im Luzerner Sinfonieorchester. In diesem aufw\u00e4ndig produzierten Video kannst du meinen Orchesterkollegen und mir bei der t\u00e4glichen Arbeit im KKL zuschauen. Die Leitung hat Chefdirigent James Gaffigan. Viel Vergn\u00fcgen!<\/p>\n","protected":false},"author":1,"featured_media":0,"comment_status":"open","ping_status":"open","sticky":false,"template":"","format":"standard","meta":{"_jetpack_memberships_contains_paid_content":false,"footnotes":""},"categories":[6,20,133,26,128],"tags":[188,189,98,78,159,39],"class_list":["post-1090","post","type-post","status-publish","format-standard","hentry","category-sebastian-diezigs-news","category-videos","category-videos-orchestra-literature","category-videos-romantic","category-videos-sonstige","tag-james-gaffigan","tag-kkl","tag-lso","tag-luzern","tag-luzerner-sinfonieorchester","tag-sebastian-diezig"],"jetpack_featured_media_url":"","jetpack_sharing_enabled":true,"_links":{"self":[{"href":"https:\/\/sebastiandiezig.com\/wordpress\/wp-json\/wp\/v2\/posts\/1090","targetHints":{"allow":["GET"]}}],"collection":[{"href":"https:\/\/sebastiandiezig.com\/wordpress\/wp-json\/wp\/v2\/posts"}],"about":[{"href":"https:\/\/sebastiandiezig.com\/wordpress\/wp-json\/wp\/v2\/types\/post"}],"author":[{"embeddable":true,"href":"https:\/\/sebastiandiezig.com\/wordpress\/wp-json\/wp\/v2\/users\/1"}],"replies":[{"embeddable":true,"href":"https:\/\/sebastiandiezig.com\/wordpress\/wp-json\/wp\/v2\/comments?post=1090"}],"version-history":[{"count":11,"href":"https:\/\/sebastiandiezig.com\/wordpress\/wp-json\/wp\/v2\/posts\/1090\/revisions"}],"predecessor-version":[{"id":1128,"href":"https:\/\/sebastiandiezig.com\/wordpress\/wp-json\/wp\/v2\/posts\/1090\/revisions\/1128"}],"wp:attachment":[{"href":"https:\/\/sebastiandiezig.com\/wordpress\/wp-json\/wp\/v2\/media?parent=1090"}],"wp:term":[{"taxonomy":"category","embeddable":true,"href":"https:\/\/sebastiandiezig.com\/wordpress\/wp-json\/wp\/v2\/categories?post=1090"},{"taxonomy":"post_tag","embeddable":true,"href":"https:\/\/sebastiandiezig.com\/wordpress\/wp-json\/wp\/v2\/tags?post=1090"}],"curies":[{"name":"wp","href":"https:\/\/api.w.org\/{rel}","templated":true}]}}