{"id":1196,"date":"2014-05-07T15:57:16","date_gmt":"2014-05-07T13:57:16","guid":{"rendered":"http:\/\/sebastiandiezig.com\/wordpress\/?p=1196"},"modified":"2014-05-07T15:59:55","modified_gmt":"2014-05-07T13:59:55","slug":"video-franz-schubert-klaviertrio-sonate-d28-live-aufnahme","status":"publish","type":"post","link":"https:\/\/sebastiandiezig.com\/wordpress\/video-franz-schubert-klaviertrio-sonate-d28-live-aufnahme\/","title":{"rendered":"Video: Franz Schubert: Klaviertrio &#8220;Sonate&#8221; D28 Live-Aufnahme"},"content":{"rendered":"<p><iframe loading=\"lazy\" title=\"Schubert Piano Trio &quot;Sonate&quot; D28 in B Flat Major - Live in concert - Gallati\/Diezig\/Suits\" width=\"980\" height=\"551\" src=\"https:\/\/www.youtube.com\/embed\/h5ogqsRyEck?feature=oembed\" frameborder=\"0\" allow=\"accelerometer; autoplay; clipboard-write; encrypted-media; gyroscope; picture-in-picture; web-share\" allowfullscreen><\/iframe><\/p>\n<p>Aufnahme des Konzertes vom 23.3.2014 im Foyer des Luzerner Theaters.<\/p>\n<p>Christina Gallati, Violine<br \/>\nSebastian Diezig, Cello<br \/>\nPaul Suits, Klavier<\/p>\n<p>Dieser fr\u00fche Schubert ist in seiner Frische und Unbeschwertheit ein sehr angenehmes St\u00fcck zum H\u00f6ren und Spielen.<\/p>\n","protected":false},"excerpt":{"rendered":"<p>Aufnahme des Konzertes vom 23.3.2014 im Foyer des Luzerner Theaters. Christina Gallati, Violine Sebastian Diezig, Cello Paul Suits, Klavier Dieser fr\u00fche Schubert ist in seiner Frische und Unbeschwertheit ein sehr angenehmes St\u00fcck zum H\u00f6ren und Spielen.<\/p>\n","protected":false},"author":1,"featured_media":0,"comment_status":"open","ping_status":"open","sticky":false,"template":"","format":"standard","meta":{"_jetpack_memberships_contains_paid_content":false,"footnotes":""},"categories":[20,22,26],"tags":[324,50,160,192,321,175,98,78,159,171,161,193,88,39],"class_list":["post-1196","post","type-post","status-publish","format-standard","hentry","category-videos","category-videos-chamber-music","category-videos-romantic","tag-romantic","tag-chamber-music","tag-christina-gallati","tag-franz-schubert","tag-kammermusik","tag-live-video","tag-lso","tag-luzern","tag-luzerner-sinfonieorchester","tag-luzerner-theater","tag-paul-suits","tag-piano-trio","tag-schubert","tag-sebastian-diezig"],"jetpack_featured_media_url":"","jetpack_sharing_enabled":true,"_links":{"self":[{"href":"https:\/\/sebastiandiezig.com\/wordpress\/wp-json\/wp\/v2\/posts\/1196","targetHints":{"allow":["GET"]}}],"collection":[{"href":"https:\/\/sebastiandiezig.com\/wordpress\/wp-json\/wp\/v2\/posts"}],"about":[{"href":"https:\/\/sebastiandiezig.com\/wordpress\/wp-json\/wp\/v2\/types\/post"}],"author":[{"embeddable":true,"href":"https:\/\/sebastiandiezig.com\/wordpress\/wp-json\/wp\/v2\/users\/1"}],"replies":[{"embeddable":true,"href":"https:\/\/sebastiandiezig.com\/wordpress\/wp-json\/wp\/v2\/comments?post=1196"}],"version-history":[{"count":2,"href":"https:\/\/sebastiandiezig.com\/wordpress\/wp-json\/wp\/v2\/posts\/1196\/revisions"}],"predecessor-version":[{"id":1198,"href":"https:\/\/sebastiandiezig.com\/wordpress\/wp-json\/wp\/v2\/posts\/1196\/revisions\/1198"}],"wp:attachment":[{"href":"https:\/\/sebastiandiezig.com\/wordpress\/wp-json\/wp\/v2\/media?parent=1196"}],"wp:term":[{"taxonomy":"category","embeddable":true,"href":"https:\/\/sebastiandiezig.com\/wordpress\/wp-json\/wp\/v2\/categories?post=1196"},{"taxonomy":"post_tag","embeddable":true,"href":"https:\/\/sebastiandiezig.com\/wordpress\/wp-json\/wp\/v2\/tags?post=1196"}],"curies":[{"name":"wp","href":"https:\/\/api.w.org\/{rel}","templated":true}]}}