{"id":172,"date":"2012-10-10T18:04:39","date_gmt":"2012-10-10T16:04:39","guid":{"rendered":"http:\/\/sebastiandiezig.com\/wordpress\/?p=172"},"modified":"2013-08-30T11:30:42","modified_gmt":"2013-08-30T09:30:42","slug":"uben-mussen-vs-uben-wollen","status":"publish","type":"post","link":"https:\/\/sebastiandiezig.com\/wordpress\/uben-mussen-vs-uben-wollen\/","title":{"rendered":"\u00dcben m\u00fcssen vs. \u00fcben wollen"},"content":{"rendered":"<p>&#8220;Kommst du heute Abend in die Stadt?&#8221; &#8211; &#8220;Nein, ich *muss* \u00fcben.&#8221;<br \/>\nSolche oder \u00e4hnliche Gespr\u00e4che kennt vermutlich jeder von uns. Aber mal ehrlich: Niemand *muss* \u00fcben, niemand zwingt uns und das Leben geht weiter, wenn wir nicht \u00fcben. Und vor allem klingt das nach unangenehmer Arbeit!<br \/>\nAus meiner Sicht geschehen zwei Dinge, wenn wir sagen, dass wir \u00fcben *m\u00fcssen*:<\/p>\n<p>1. Wird die andere Person versuchen, uns davon abzubringen.<\/p>\n<p>2. Untergraben wir unsere Selbstmotivation, wenn wir sagen, dass wir *m\u00fcssen*, weil wir uns so verhalten, wie wenn wir einen unangenehmen Befehl auszuf\u00fchren h\u00e4tten.<\/p>\n<p>Ich finde es daher viel sinnvoller, den Leuten und sich selber zu sagen: &#8220;Heute *will* ich \u00fcben.&#8221; Denn das ist die Wahrheit. Man *muss* nicht &#8211; nein &#8211; man *will* (oder man will eben nicht und dann l\u00e4sst man&#8217;s sein und tr\u00e4gt die k\u00fcnstlerischen Konsequenzen).<br \/>\nZu sagen, dass man will macht einen grossen Unterschied, denn:<\/p>\n<p>1. Werden andere Personen das viel eher respektieren und weniger dazu neigen, uns davon abzubringen.<\/p>\n<p>2. Motiviere ich mich besser, wenn ich etwas *will* obschon ich nicht *muss*.<\/p>\n<p>3. Ist es die Wahrheit (niemand wird *gezwungen*, zu \u00fcben. Im \u00e4ussersten Notfall k\u00f6nnte man sich einen anderen Beruf aussuchen.)<\/p>\n<p>Wie mein erster Lehrer (P.-B. Sudan) mir mal gesagt hat: &#8220;Wollen ist k\u00f6nnen&#8221;. Er hat Recht.<\/p>\n","protected":false},"excerpt":{"rendered":"<p>&#8220;Kommst du heute Abend in die Stadt?&#8221; &#8211; &#8220;Nein, ich *muss* \u00fcben.&#8221; Solche oder \u00e4hnliche Gespr\u00e4che kennt vermutlich jeder von uns. Aber mal ehrlich: Niemand *muss* \u00fcben, niemand zwingt uns und das Leben geht weiter, wenn wir nicht \u00fcben. Und vor allem klingt das nach unangenehmer Arbeit! Aus meiner Sicht geschehen zwei Dinge, wenn wir [&hellip;]<\/p>\n","protected":false},"author":1,"featured_media":0,"comment_status":"open","ping_status":"open","sticky":false,"template":"","format":"standard","meta":{"_jetpack_memberships_contains_paid_content":false,"footnotes":""},"categories":[12,11,3,16],"tags":[315,46,319,47],"class_list":["post-172","post","type-post","status-publish","format-standard","hentry","category-philosophisches","category-cellisten-alltag","category-blog","category-motivation","tag-cellisten-alltag","tag-cello-blog","tag-motivation","tag-philosophisches-2"],"jetpack_featured_media_url":"","jetpack_sharing_enabled":true,"_links":{"self":[{"href":"https:\/\/sebastiandiezig.com\/wordpress\/wp-json\/wp\/v2\/posts\/172","targetHints":{"allow":["GET"]}}],"collection":[{"href":"https:\/\/sebastiandiezig.com\/wordpress\/wp-json\/wp\/v2\/posts"}],"about":[{"href":"https:\/\/sebastiandiezig.com\/wordpress\/wp-json\/wp\/v2\/types\/post"}],"author":[{"embeddable":true,"href":"https:\/\/sebastiandiezig.com\/wordpress\/wp-json\/wp\/v2\/users\/1"}],"replies":[{"embeddable":true,"href":"https:\/\/sebastiandiezig.com\/wordpress\/wp-json\/wp\/v2\/comments?post=172"}],"version-history":[{"count":1,"href":"https:\/\/sebastiandiezig.com\/wordpress\/wp-json\/wp\/v2\/posts\/172\/revisions"}],"predecessor-version":[{"id":173,"href":"https:\/\/sebastiandiezig.com\/wordpress\/wp-json\/wp\/v2\/posts\/172\/revisions\/173"}],"wp:attachment":[{"href":"https:\/\/sebastiandiezig.com\/wordpress\/wp-json\/wp\/v2\/media?parent=172"}],"wp:term":[{"taxonomy":"category","embeddable":true,"href":"https:\/\/sebastiandiezig.com\/wordpress\/wp-json\/wp\/v2\/categories?post=172"},{"taxonomy":"post_tag","embeddable":true,"href":"https:\/\/sebastiandiezig.com\/wordpress\/wp-json\/wp\/v2\/tags?post=172"}],"curies":[{"name":"wp","href":"https:\/\/api.w.org\/{rel}","templated":true}]}}