{"id":1791,"date":"2015-01-19T02:28:16","date_gmt":"2015-01-19T00:28:16","guid":{"rendered":"http:\/\/sebastiandiezig.com\/wordpress\/?p=1791"},"modified":"2015-01-19T02:38:58","modified_gmt":"2015-01-19T00:38:58","slug":"ravel-duo-und-handel-halvorsen-in-fribourg","status":"publish","type":"post","link":"https:\/\/sebastiandiezig.com\/wordpress\/ravel-duo-und-handel-halvorsen-in-fribourg\/","title":{"rendered":"Ravel-Duo und H\u00e4ndel-Halvorsen in Fribourg"},"content":{"rendered":"<div id='gallery-1' class='gallery galleryid-1791 gallery-columns-3 gallery-size-medium'><figure class='gallery-item'>\n\t\t\t<div class='gallery-icon landscape'>\n\t\t\t\t<a href='https:\/\/sebastiandiezig.com\/wordpress\/ravel-duo-und-handel-halvorsen-in-fribourg\/mauriceravel\/'><img loading=\"lazy\" decoding=\"async\" width=\"580\" height=\"539\" src=\"https:\/\/sebastiandiezig.com\/wordpress\/wp-content\/uploads\/2015\/01\/mauriceravel-580x539.jpeg\" class=\"attachment-medium size-medium\" alt=\"\" aria-describedby=\"gallery-1-1792\" srcset=\"https:\/\/sebastiandiezig.com\/wordpress\/wp-content\/uploads\/2015\/01\/mauriceravel-580x539.jpeg 580w, https:\/\/sebastiandiezig.com\/wordpress\/wp-content\/uploads\/2015\/01\/mauriceravel-416x387.jpeg 416w, https:\/\/sebastiandiezig.com\/wordpress\/wp-content\/uploads\/2015\/01\/mauriceravel-940x874.jpeg 940w, https:\/\/sebastiandiezig.com\/wordpress\/wp-content\/uploads\/2015\/01\/mauriceravel-695x646.jpeg 695w, https:\/\/sebastiandiezig.com\/wordpress\/wp-content\/uploads\/2015\/01\/mauriceravel.jpeg 950w\" sizes=\"auto, (max-width: 580px) 100vw, 580px\" \/><\/a>\n\t\t\t<\/div>\n\t\t\t\t<figcaption class='wp-caption-text gallery-caption' id='gallery-1-1792'>\n\t\t\t\tMaurice Ravel (1875-1937)\n\t\t\t\t<\/figcaption><\/figure><figure class='gallery-item'>\n\t\t\t<div class='gallery-icon portrait'>\n\t\t\t\t<a href='https:\/\/sebastiandiezig.com\/wordpress\/ravel-duo-und-handel-halvorsen-in-fribourg\/george_frideric_handel_by_balthasar_denner\/'><img loading=\"lazy\" decoding=\"async\" width=\"580\" height=\"701\" src=\"https:\/\/sebastiandiezig.com\/wordpress\/wp-content\/uploads\/2015\/01\/George_Frideric_Handel_by_Balthasar_Denner-580x701.jpg\" class=\"attachment-medium size-medium\" alt=\"\" aria-describedby=\"gallery-1-1793\" srcset=\"https:\/\/sebastiandiezig.com\/wordpress\/wp-content\/uploads\/2015\/01\/George_Frideric_Handel_by_Balthasar_Denner-580x701.jpg 580w, https:\/\/sebastiandiezig.com\/wordpress\/wp-content\/uploads\/2015\/01\/George_Frideric_Handel_by_Balthasar_Denner-scaled-416x503.jpg 416w, https:\/\/sebastiandiezig.com\/wordpress\/wp-content\/uploads\/2015\/01\/George_Frideric_Handel_by_Balthasar_Denner-940x1136.jpg 940w, https:\/\/sebastiandiezig.com\/wordpress\/wp-content\/uploads\/2015\/01\/George_Frideric_Handel_by_Balthasar_Denner-695x840.jpg 695w\" sizes=\"auto, (max-width: 580px) 100vw, 580px\" \/><\/a>\n\t\t\t<\/div>\n\t\t\t\t<figcaption class='wp-caption-text gallery-caption' id='gallery-1-1793'>\n\t\t\t\tGeorg Friedrich H\u00e4ndel (1685-1759)\n\t\t\t\t<\/figcaption><\/figure><figure class='gallery-item'>\n\t\t\t<div class='gallery-icon landscape'>\n\t\t\t\t<a href='https:\/\/sebastiandiezig.com\/wordpress\/ravel-duo-und-handel-halvorsen-in-fribourg\/johan_halvorsen_normal\/'><img loading=\"lazy\" decoding=\"async\" width=\"580\" height=\"388\" src=\"https:\/\/sebastiandiezig.com\/wordpress\/wp-content\/uploads\/2015\/01\/Johan_Halvorsen_normal-580x388.jpg\" class=\"attachment-medium size-medium\" alt=\"\" aria-describedby=\"gallery-1-1794\" srcset=\"https:\/\/sebastiandiezig.com\/wordpress\/wp-content\/uploads\/2015\/01\/Johan_Halvorsen_normal-580x388.jpg 580w, https:\/\/sebastiandiezig.com\/wordpress\/wp-content\/uploads\/2015\/01\/Johan_Halvorsen_normal-416x278.jpg 416w, https:\/\/sebastiandiezig.com\/wordpress\/wp-content\/uploads\/2015\/01\/Johan_Halvorsen_normal.jpg 591w\" sizes=\"auto, (max-width: 580px) 100vw, 580px\" \/><\/a>\n\t\t\t<\/div>\n\t\t\t\t<figcaption class='wp-caption-text gallery-caption' id='gallery-1-1794'>\n\t\t\t\tJohan Halvorsen (1864-1935)\n\t\t\t\t<\/figcaption><\/figure>\n\t\t<\/div>\n\n<p>&nbsp;<\/p>\n<p>Zur Abwechslung mal eine kurze Konzert-Vorschau:\u00a0Am <strong>Freitag, 23.1.2015 um 12h15 in Fribourg, Centre le Ph\u00e9nix<\/strong> spielen Anja Rh\u00f6n (2. Konzertmeisterin Luzerner Sinfonieorchester) und ich ein Lunch-Konzert mit dem Ravel-Duo und der H\u00e4ndel-Halvorsen Passacaglia.<\/p>\n<p>Beide Werke geh\u00f6ren zum Standardrepertoire f\u00fcr diese Formation. Der Ravel ist originell, vielseitig, witzig und frech und H\u00e4ndel-Halvorsen ist so eine Art Bach-Busoni f\u00fcr Geige und Cello. Ein tolles und mit 30 min Dauer sicher nicht zu langes Programm!<\/p>\n","protected":false},"excerpt":{"rendered":"<p>&nbsp; Zur Abwechslung mal eine kurze Konzert-Vorschau:\u00a0Am Freitag, 23.1.2015 um 12h15 in Fribourg, Centre le Ph\u00e9nix spielen Anja Rh\u00f6n (2. Konzertmeisterin Luzerner Sinfonieorchester) und ich ein Lunch-Konzert mit dem Ravel-Duo und der H\u00e4ndel-Halvorsen Passacaglia. Beide Werke geh\u00f6ren zum Standardrepertoire f\u00fcr diese Formation. Der Ravel ist originell, vielseitig, witzig und frech und H\u00e4ndel-Halvorsen ist so eine [&hellip;]<\/p>\n","protected":false},"author":1,"featured_media":0,"comment_status":"open","ping_status":"open","sticky":false,"template":"","format":"standard","meta":{"_jetpack_memberships_contains_paid_content":false,"footnotes":""},"categories":[1],"tags":[],"class_list":["post-1791","post","type-post","status-publish","format-standard","hentry","category-uncategorized"],"jetpack_featured_media_url":"","jetpack_sharing_enabled":true,"_links":{"self":[{"href":"https:\/\/sebastiandiezig.com\/wordpress\/wp-json\/wp\/v2\/posts\/1791","targetHints":{"allow":["GET"]}}],"collection":[{"href":"https:\/\/sebastiandiezig.com\/wordpress\/wp-json\/wp\/v2\/posts"}],"about":[{"href":"https:\/\/sebastiandiezig.com\/wordpress\/wp-json\/wp\/v2\/types\/post"}],"author":[{"embeddable":true,"href":"https:\/\/sebastiandiezig.com\/wordpress\/wp-json\/wp\/v2\/users\/1"}],"replies":[{"embeddable":true,"href":"https:\/\/sebastiandiezig.com\/wordpress\/wp-json\/wp\/v2\/comments?post=1791"}],"version-history":[{"count":5,"href":"https:\/\/sebastiandiezig.com\/wordpress\/wp-json\/wp\/v2\/posts\/1791\/revisions"}],"predecessor-version":[{"id":1799,"href":"https:\/\/sebastiandiezig.com\/wordpress\/wp-json\/wp\/v2\/posts\/1791\/revisions\/1799"}],"wp:attachment":[{"href":"https:\/\/sebastiandiezig.com\/wordpress\/wp-json\/wp\/v2\/media?parent=1791"}],"wp:term":[{"taxonomy":"category","embeddable":true,"href":"https:\/\/sebastiandiezig.com\/wordpress\/wp-json\/wp\/v2\/categories?post=1791"},{"taxonomy":"post_tag","embeddable":true,"href":"https:\/\/sebastiandiezig.com\/wordpress\/wp-json\/wp\/v2\/tags?post=1791"}],"curies":[{"name":"wp","href":"https:\/\/api.w.org\/{rel}","templated":true}]}}