{"id":180,"date":"2013-02-20T18:08:31","date_gmt":"2013-02-20T16:08:31","guid":{"rendered":"http:\/\/sebastiandiezig.com\/wordpress\/?p=180"},"modified":"2014-03-21T13:28:15","modified_gmt":"2014-03-21T11:28:15","slug":"3-tipps-furs-tagliche-cellotragen","status":"publish","type":"post","link":"https:\/\/sebastiandiezig.com\/wordpress\/3-tipps-furs-tagliche-cellotragen\/","title":{"rendered":"(Fast) trivial: 3 Tipps f\u00fcr&#8217;s t\u00e4gliche Cellotragen"},"content":{"rendered":"<p><a href=\"http:\/\/sebastiandiezig.com\/wordpress\/wp-content\/uploads\/2013\/02\/cellotragen.jpeg\"><img loading=\"lazy\" decoding=\"async\" class=\"alignnone size-full wp-image-298\" alt=\"cellotragen\" src=\"http:\/\/sebastiandiezig.com\/wordpress\/wp-content\/uploads\/2013\/02\/cellotragen.jpeg\" width=\"639\" height=\"351\" srcset=\"https:\/\/sebastiandiezig.com\/wordpress\/wp-content\/uploads\/2013\/02\/cellotragen.jpeg 639w, https:\/\/sebastiandiezig.com\/wordpress\/wp-content\/uploads\/2013\/02\/cellotragen-416x229.jpeg 416w, https:\/\/sebastiandiezig.com\/wordpress\/wp-content\/uploads\/2013\/02\/cellotragen-300x164.jpeg 300w\" sizes=\"auto, (max-width: 639px) 100vw, 639px\" \/><\/a><\/p>\n<p>Wie jeder Cellist weiss, ist ein Cello bez\u00fcglich Gr\u00f6sse und Gewicht ein ziemliches M\u00f6belst\u00fcck. Als Berufsmusiker aber auch als Liebhaber-Musiker tr\u00e4gt man daher ziemlich schwer! Es gibt aus meiner Sicht nur drei simple Tipps, welche man beherzigen kann, um das Ganze ein bisschen zu erleichtern.<\/p>\n<p><strong>1. Ein leichter Kasten<\/strong><\/p>\n<p>Es liegt auf der Hand: Das Cello wird sein Gewicht nicht \u00e4ndern. Wohl aber kann man einen m\u00f6glichst leichten Koffer anschaffen. Die leichtesten sind aus Kohlefaser-Material gefertigt. Pers\u00f6nlich n\u00fctze ich den Accord Standard, welcher 2,8 Kilo wiegt. Ein Koffer dieser Art ist nicht billig. Wenn man aber bedenkt, dass er 10 Jahre oder sogar mehr halten wird, dann ist es eine vertretbare Investition.<\/p>\n<p><strong>2. Das Cello auf dem R\u00fccken tragen<\/strong><\/p>\n<p>Mit zwei Gurten kann man das Cello auf dem R\u00fccken wie einen Rucksack tragen. Aus meiner Sicht die beste Art, ein Cello zu transportieren, weil so die Wirbels\u00e4ule symmetrisch belastet wird. Auch hat man auf diese Weise die beiden H\u00e4nde immer frei.<\/p>\n<p><strong>3. Beim Stillstehen das Cello auf den Boden stellen<\/strong><\/p>\n<p>Dieser Tipp ist f\u00fcr mich der wichtigste. Wenn ich bsp. auf den Bus warte, so stelle ich das Cello immer ab, auch wenn es nur 2 Minuten sind. Ich vermute, dass man den positiven Effekt dieser kurzen Pausen f\u00fcr den R\u00fccken oft untersch\u00e4tzt. Immer wenn ich merke, dass ich demn\u00e4chst einen Moment irgendwo rumstehen muss, nehme ich das Cello vom R\u00fccken und stelle es neben mich, auch wenn es nur 30 Sekunden sind.<\/p>\n<p>&nbsp;<\/p>\n","protected":false},"excerpt":{"rendered":"<p>Wie jeder Cellist weiss, ist ein Cello bez\u00fcglich Gr\u00f6sse und Gewicht ein ziemliches M\u00f6belst\u00fcck. Als Berufsmusiker aber auch als Liebhaber-Musiker tr\u00e4gt man daher ziemlich schwer! Es gibt aus meiner Sicht nur drei simple Tipps, welche man beherzigen kann, um das Ganze ein bisschen zu erleichtern. 1. Ein leichter Kasten Es liegt auf der Hand: Das [&hellip;]<\/p>\n","protected":false},"author":1,"featured_media":298,"comment_status":"open","ping_status":"open","sticky":false,"template":"","format":"standard","meta":{"_jetpack_memberships_contains_paid_content":false,"footnotes":""},"categories":[169,19,11,3,14],"tags":[322,315,46,317],"class_list":["post-180","post","type-post","status-publish","format-standard","has-post-thumbnail","hentry","category-fast-trivial","category-ausstattung","category-cellisten-alltag","category-blog","category-gesundheit","tag-ausstattung","tag-cellisten-alltag","tag-cello-blog","tag-gesundheit"],"jetpack_featured_media_url":"https:\/\/sebastiandiezig.com\/wordpress\/wp-content\/uploads\/2013\/02\/cellotragen.jpeg","jetpack_sharing_enabled":true,"_links":{"self":[{"href":"https:\/\/sebastiandiezig.com\/wordpress\/wp-json\/wp\/v2\/posts\/180","targetHints":{"allow":["GET"]}}],"collection":[{"href":"https:\/\/sebastiandiezig.com\/wordpress\/wp-json\/wp\/v2\/posts"}],"about":[{"href":"https:\/\/sebastiandiezig.com\/wordpress\/wp-json\/wp\/v2\/types\/post"}],"author":[{"embeddable":true,"href":"https:\/\/sebastiandiezig.com\/wordpress\/wp-json\/wp\/v2\/users\/1"}],"replies":[{"embeddable":true,"href":"https:\/\/sebastiandiezig.com\/wordpress\/wp-json\/wp\/v2\/comments?post=180"}],"version-history":[{"count":6,"href":"https:\/\/sebastiandiezig.com\/wordpress\/wp-json\/wp\/v2\/posts\/180\/revisions"}],"predecessor-version":[{"id":1017,"href":"https:\/\/sebastiandiezig.com\/wordpress\/wp-json\/wp\/v2\/posts\/180\/revisions\/1017"}],"wp:featuredmedia":[{"embeddable":true,"href":"https:\/\/sebastiandiezig.com\/wordpress\/wp-json\/wp\/v2\/media\/298"}],"wp:attachment":[{"href":"https:\/\/sebastiandiezig.com\/wordpress\/wp-json\/wp\/v2\/media?parent=180"}],"wp:term":[{"taxonomy":"category","embeddable":true,"href":"https:\/\/sebastiandiezig.com\/wordpress\/wp-json\/wp\/v2\/categories?post=180"},{"taxonomy":"post_tag","embeddable":true,"href":"https:\/\/sebastiandiezig.com\/wordpress\/wp-json\/wp\/v2\/tags?post=180"}],"curies":[{"name":"wp","href":"https:\/\/api.w.org\/{rel}","templated":true}]}}