{"id":1991,"date":"2015-05-15T10:17:09","date_gmt":"2015-05-15T08:17:09","guid":{"rendered":"http:\/\/sebastiandiezig.com\/wordpress\/?p=1991"},"modified":"2015-05-15T10:17:09","modified_gmt":"2015-05-15T08:17:09","slug":"fast-trivial-einmal-pro-tag-ein-paar-minuten-mit-metronom-uben","status":"publish","type":"post","link":"https:\/\/sebastiandiezig.com\/wordpress\/fast-trivial-einmal-pro-tag-ein-paar-minuten-mit-metronom-uben\/","title":{"rendered":"(Fast) trivial: Einmal pro Tag ein paar Minuten mit Metronom \u00fcben"},"content":{"rendered":"<p>Diesen kurzen Artikel schreibe ich mehr f\u00fcr mich selber als f\u00fcr andere: Man sollte das Metronom beim \u00dcben immer griffbereit haben\u00a0und es dann auch mindestens einmal pro Tag ben\u00fctzen. Ein stabiles Tempogef\u00fchl ist n\u00e4mlich enorm wichtig im Musikeralltag. Vor allem bildet man dieses Tempogef\u00fchl nur in dem man es trainiert und da f\u00fchrt kein Weg am\u00a0Metronom vorbei. Auch ist ein stabiles Tempogef\u00fchl nichts, was man einmal f\u00fcr immer gelernt hat. Wie mit der Intonation muss man t\u00e4glich dranbleiben.<\/p>\n<p>Oft merkt man erst in der Probe oder schlimmer noch: im Konzert, dass die anderen scheinbar eilen oder schleppen. Sehr gut m\u00f6glich indes, dass man selber das Problem ist, insbesondere wenn man das Metronom zum letzten Mal vor drei Monaten ben\u00fctzt hat. Meistens ist die Situation im Konzert dann nicht mehr zu retten. Man kann dann nur noch gut auf die Mitmusiker h\u00f6ren und versuchen, sich ihnen anzupassen. Aber das ungute Gef\u00fchl, dass man in Sachen Tempo nicht stabil war, bleibt. Man kann es schlicht nicht mit Sicherheit ausschliessen, weil man nicht mit Metronom ge\u00fcbt hat. Und an sich ist dieses Problem v\u00f6llig unn\u00f6tig.<\/p>\n<p>Eine gute Faustregel f\u00fcrs \u00dcben mit Metronom ist die folgende: Wenn man bei einem St\u00fcck oder einer Stelle \u00fcberhaupt keine Lust hat, das Metronom anzuwerfen, dann sollte man\u00a0unbedingt erst recht\u00a0mal kontrollieren, ob in Sachen Tempostabilit\u00e4t alles in Ordnung ist und das Metronom zu Rate ziehen. Vermutlich ahnt\u00a0das Unterbewusstsein n\u00e4mlich, dass da unangenehme Wahrheiten ans Licht kommen k\u00f6nnten und will sich davor sch\u00fctzen.<\/p>\n<p>Was ich keinesfalls propagieren m\u00f6chte ist, nur noch mit Metronom zu \u00fcben. Aber einmal pro Tag w\u00e4hrend ein paar Minuten das gute Teil anzuwerfen schadet nie &#8211; im Gegenteil.<\/p>\n","protected":false},"excerpt":{"rendered":"<p>Diesen kurzen Artikel schreibe ich mehr f\u00fcr mich selber als f\u00fcr andere: Man sollte das Metronom beim \u00dcben immer griffbereit haben\u00a0und es dann auch mindestens einmal pro Tag ben\u00fctzen. Ein stabiles Tempogef\u00fchl ist n\u00e4mlich enorm wichtig im Musikeralltag. Vor allem bildet man dieses Tempogef\u00fchl nur in dem man es trainiert und da f\u00fchrt kein Weg [&hellip;]<\/p>\n","protected":false},"author":1,"featured_media":1996,"comment_status":"open","ping_status":"open","sticky":false,"template":"","format":"standard","meta":{"_jetpack_memberships_contains_paid_content":false,"footnotes":""},"categories":[169,11,3,13,7],"tags":[315,46,50,316,288,289,311],"class_list":["post-1991","post","type-post","status-publish","format-standard","has-post-thumbnail","hentry","category-fast-trivial","category-cellisten-alltag","category-blog","category-disziplin","category-uben","tag-cellisten-alltag","tag-cello-blog","tag-chamber-music","tag-disziplin","tag-fast-trivial","tag-metronom","tag-uben"],"jetpack_featured_media_url":"https:\/\/sebastiandiezig.com\/wordpress\/wp-content\/uploads\/2015\/05\/IMG_3456-scaled.jpg","jetpack_sharing_enabled":true,"_links":{"self":[{"href":"https:\/\/sebastiandiezig.com\/wordpress\/wp-json\/wp\/v2\/posts\/1991","targetHints":{"allow":["GET"]}}],"collection":[{"href":"https:\/\/sebastiandiezig.com\/wordpress\/wp-json\/wp\/v2\/posts"}],"about":[{"href":"https:\/\/sebastiandiezig.com\/wordpress\/wp-json\/wp\/v2\/types\/post"}],"author":[{"embeddable":true,"href":"https:\/\/sebastiandiezig.com\/wordpress\/wp-json\/wp\/v2\/users\/1"}],"replies":[{"embeddable":true,"href":"https:\/\/sebastiandiezig.com\/wordpress\/wp-json\/wp\/v2\/comments?post=1991"}],"version-history":[{"count":4,"href":"https:\/\/sebastiandiezig.com\/wordpress\/wp-json\/wp\/v2\/posts\/1991\/revisions"}],"predecessor-version":[{"id":1995,"href":"https:\/\/sebastiandiezig.com\/wordpress\/wp-json\/wp\/v2\/posts\/1991\/revisions\/1995"}],"wp:featuredmedia":[{"embeddable":true,"href":"https:\/\/sebastiandiezig.com\/wordpress\/wp-json\/wp\/v2\/media\/1996"}],"wp:attachment":[{"href":"https:\/\/sebastiandiezig.com\/wordpress\/wp-json\/wp\/v2\/media?parent=1991"}],"wp:term":[{"taxonomy":"category","embeddable":true,"href":"https:\/\/sebastiandiezig.com\/wordpress\/wp-json\/wp\/v2\/categories?post=1991"},{"taxonomy":"post_tag","embeddable":true,"href":"https:\/\/sebastiandiezig.com\/wordpress\/wp-json\/wp\/v2\/tags?post=1991"}],"curies":[{"name":"wp","href":"https:\/\/api.w.org\/{rel}","templated":true}]}}