{"id":1999,"date":"2015-05-21T13:51:26","date_gmt":"2015-05-21T11:51:26","guid":{"rendered":"http:\/\/sebastiandiezig.com\/wordpress\/?p=1999"},"modified":"2015-05-21T13:52:51","modified_gmt":"2015-05-21T11:52:51","slug":"video-schubert-arpeggione-mit-orchester","status":"publish","type":"post","link":"https:\/\/sebastiandiezig.com\/wordpress\/video-schubert-arpeggione-mit-orchester\/","title":{"rendered":"Video: Schubert Arpeggione mit Orchester"},"content":{"rendered":"<p><iframe loading=\"lazy\" title=\"Schubert Arpeggione with Orchestra (OJF\/Kapsopoulos\/Diezig)\" width=\"980\" height=\"551\" src=\"https:\/\/www.youtube.com\/embed\/NBdbUAR5jGI?feature=oembed\" frameborder=\"0\" allow=\"accelerometer; autoplay; clipboard-write; encrypted-media; gyroscope; picture-in-picture; web-share\" allowfullscreen><\/iframe><\/p>\n<p>Live Recording, April 26, 2015, Fribourg, BCU<br \/>\nOrchestre des Jeunes de Fribourg &#8211; http:\/\/www.ojf.ch<br \/>\nTh\u00e9ophanis Kapsopoulos, conductor<br \/>\nSebastian Diezig, cellist &#8211; http:\/\/www.SebastianDiezig.com<\/p>\n<p>Franz Schubert Sonata &#8220;Arpeggione&#8221; in a minor D821 for cello and string orchestra (Arranged by Heinrich Klug)<br \/>\n1. Allegro moderato @ 0:00<br \/>\n2. Adagio @ 8:42<br \/>\n3. Allegretto @ 12:41<\/p>\n<p>Ich war zwischen 1997 und 1999 selber Mitglied in Th\u00e9ophanis Kapsopoulos&#8217; Jugendorchester Freiburg. Umso gr\u00f6sser die Freude, wieder mit ihm und seinem Ensemble zu musizieren. L\u00e4ngst nicht jeder Dirigent und auch nicht jedes Berufsorchester k\u00f6nnen so delikat und uneigenn\u00fctzig begleiten wie Th\u00e9ophanis Kapsopoulos und sein\u00a0OJF. Das ist insbesondere f\u00fcr diese Arpeggione-Fassung mit Streichorchester entscheidend, weil die Musik filigran und sensibel ist und gerade in diesem St\u00fcck man als Solist nicht mit dem grossen Dvorak-Konzert-Ton auftreten m\u00f6chte.\u00a0Es war f\u00fcr mich daher wirklich ein sch\u00f6nes Erlebnis.<\/p>\n","protected":false},"excerpt":{"rendered":"<p>Live Recording, April 26, 2015, Fribourg, BCU Orchestre des Jeunes de Fribourg &#8211; http:\/\/www.ojf.ch Th\u00e9ophanis Kapsopoulos, conductor Sebastian Diezig, cellist &#8211; http:\/\/www.SebastianDiezig.com Franz Schubert Sonata &#8220;Arpeggione&#8221; in a minor D821 for cello and string orchestra (Arranged by Heinrich Klug) 1. Allegro moderato @ 0:00 2. Adagio @ 8:42 3. Allegretto @ 12:41 Ich war zwischen [&hellip;]<\/p>\n","protected":false},"author":1,"featured_media":0,"comment_status":"open","ping_status":"open","sticky":false,"template":"","format":"standard","meta":{"_jetpack_memberships_contains_paid_content":false,"footnotes":""},"categories":[20,21,26,128],"tags":[293,294,192,77,292,175,291,88,39,290],"class_list":["post-1999","post","type-post","status-publish","format-standard","hentry","category-videos","category-videos-concertos","category-videos-romantic","category-videos-sonstige","tag-arpeggione","tag-bearbeitung","tag-franz-schubert","tag-fribourg","tag-jugend-orchester-frreiburg","tag-live-video","tag-orchestre-des-jeunes-de-fribourg","tag-schubert","tag-sebastian-diezig","tag-theophanis-kapsopoulos"],"jetpack_featured_media_url":"","jetpack_sharing_enabled":true,"_links":{"self":[{"href":"https:\/\/sebastiandiezig.com\/wordpress\/wp-json\/wp\/v2\/posts\/1999","targetHints":{"allow":["GET"]}}],"collection":[{"href":"https:\/\/sebastiandiezig.com\/wordpress\/wp-json\/wp\/v2\/posts"}],"about":[{"href":"https:\/\/sebastiandiezig.com\/wordpress\/wp-json\/wp\/v2\/types\/post"}],"author":[{"embeddable":true,"href":"https:\/\/sebastiandiezig.com\/wordpress\/wp-json\/wp\/v2\/users\/1"}],"replies":[{"embeddable":true,"href":"https:\/\/sebastiandiezig.com\/wordpress\/wp-json\/wp\/v2\/comments?post=1999"}],"version-history":[{"count":4,"href":"https:\/\/sebastiandiezig.com\/wordpress\/wp-json\/wp\/v2\/posts\/1999\/revisions"}],"predecessor-version":[{"id":2003,"href":"https:\/\/sebastiandiezig.com\/wordpress\/wp-json\/wp\/v2\/posts\/1999\/revisions\/2003"}],"wp:attachment":[{"href":"https:\/\/sebastiandiezig.com\/wordpress\/wp-json\/wp\/v2\/media?parent=1999"}],"wp:term":[{"taxonomy":"category","embeddable":true,"href":"https:\/\/sebastiandiezig.com\/wordpress\/wp-json\/wp\/v2\/categories?post=1999"},{"taxonomy":"post_tag","embeddable":true,"href":"https:\/\/sebastiandiezig.com\/wordpress\/wp-json\/wp\/v2\/tags?post=1999"}],"curies":[{"name":"wp","href":"https:\/\/api.w.org\/{rel}","templated":true}]}}