{"id":2013,"date":"2015-06-04T10:13:00","date_gmt":"2015-06-04T08:13:00","guid":{"rendered":"http:\/\/sebastiandiezig.com\/wordpress\/?p=2013"},"modified":"2015-06-10T11:35:01","modified_gmt":"2015-06-10T09:35:01","slug":"video-vivaldi-doppelkonzert-diezigfluelerkapsopoulosojf","status":"publish","type":"post","link":"https:\/\/sebastiandiezig.com\/wordpress\/video-vivaldi-doppelkonzert-diezigfluelerkapsopoulosojf\/","title":{"rendered":"Video: Vivaldi Doppelkonzert Diezig\/Fl\u00fceler\/Kapsopoulos\/OJF"},"content":{"rendered":"<p><iframe loading=\"lazy\" title=\"Vivaldi Cello Double Concerto (OJF\/Kapsopoulos\/Diezig\/Fl\u00fceler)\" width=\"980\" height=\"551\" src=\"https:\/\/www.youtube.com\/embed\/uvdol4D4m7o?feature=oembed\" frameborder=\"0\" allow=\"accelerometer; autoplay; clipboard-write; encrypted-media; gyroscope; picture-in-picture; web-share\" allowfullscreen><\/iframe><\/p>\n<p>Live Recording 26.5.2015 Fribourg, BCU<br \/>\nOrchestre des Jeunes de Fribourg<br \/>\nTh\u00e9ophanis Kapsopoulos, conductor<br \/>\nSebastian Diezig, Cello 1<br \/>\nJoachim Fl\u00fceler, Cello 2<\/p>\n<p>Antonio Vivaldi, Doppelkonzert f\u00fcr 2 Celli und Streichorchester in g-moll RV531<br \/>\n1. Allegro @ 0:00<br \/>\n2. Largo @ 4:20<br \/>\n3. Allegro @ 7:23<\/p>\n<p>Nebst der <a href=\"http:\/\/sebastiandiezig.com\/wordpress\/video-schubert-arpeggione-mit-orchester\/\">Arpeggione-Sonate<\/a> stand am 26.5.2015 in der Biblioth\u00e8que cantonale de Fribourg unter anderem auch das Vivaldi-Doppelkonzert auf dem Programm. Es teilten mit mir die B\u00fchne: Joachim Fl\u00fceler (Cello 2) und Th\u00e9ophanis Kapsopoulos mit seinem Jugendorchester Fribourg.<\/p>\n<p>Wie immer kann man sich bei\u00a0Barockgenie Vivaldi auf eine schwung- und effektvolle Komposition freuen.<\/p>\n","protected":false},"excerpt":{"rendered":"<p>Live Recording 26.5.2015 Fribourg, BCU Orchestre des Jeunes de Fribourg Th\u00e9ophanis Kapsopoulos, conductor Sebastian Diezig, Cello 1 Joachim Fl\u00fceler, Cello 2 Antonio Vivaldi, Doppelkonzert f\u00fcr 2 Celli und Streichorchester in g-moll RV531 1. Allegro @ 0:00 2. Largo @ 4:20 3. Allegro @ 7:23 Nebst der Arpeggione-Sonate stand am 26.5.2015 in der Biblioth\u00e8que cantonale de [&hellip;]<\/p>\n","protected":false},"author":1,"featured_media":0,"comment_status":"open","ping_status":"open","sticky":false,"template":"","format":"standard","meta":{"_jetpack_memberships_contains_paid_content":false,"footnotes":""},"categories":[20,24,21],"tags":[295,296,77,297,292,175,291,88,39,290,148],"class_list":["post-2013","post","type-post","status-publish","format-standard","hentry","category-videos","category-videos-baroque","category-videos-concertos","tag-antonio-vivaldi","tag-doppelkonzert","tag-fribourg","tag-joachim-flueler","tag-jugend-orchester-frreiburg","tag-live-video","tag-orchestre-des-jeunes-de-fribourg","tag-schubert","tag-sebastian-diezig","tag-theophanis-kapsopoulos","tag-vivaldi"],"jetpack_featured_media_url":"","jetpack_sharing_enabled":true,"_links":{"self":[{"href":"https:\/\/sebastiandiezig.com\/wordpress\/wp-json\/wp\/v2\/posts\/2013","targetHints":{"allow":["GET"]}}],"collection":[{"href":"https:\/\/sebastiandiezig.com\/wordpress\/wp-json\/wp\/v2\/posts"}],"about":[{"href":"https:\/\/sebastiandiezig.com\/wordpress\/wp-json\/wp\/v2\/types\/post"}],"author":[{"embeddable":true,"href":"https:\/\/sebastiandiezig.com\/wordpress\/wp-json\/wp\/v2\/users\/1"}],"replies":[{"embeddable":true,"href":"https:\/\/sebastiandiezig.com\/wordpress\/wp-json\/wp\/v2\/comments?post=2013"}],"version-history":[{"count":9,"href":"https:\/\/sebastiandiezig.com\/wordpress\/wp-json\/wp\/v2\/posts\/2013\/revisions"}],"predecessor-version":[{"id":2037,"href":"https:\/\/sebastiandiezig.com\/wordpress\/wp-json\/wp\/v2\/posts\/2013\/revisions\/2037"}],"wp:attachment":[{"href":"https:\/\/sebastiandiezig.com\/wordpress\/wp-json\/wp\/v2\/media?parent=2013"}],"wp:term":[{"taxonomy":"category","embeddable":true,"href":"https:\/\/sebastiandiezig.com\/wordpress\/wp-json\/wp\/v2\/categories?post=2013"},{"taxonomy":"post_tag","embeddable":true,"href":"https:\/\/sebastiandiezig.com\/wordpress\/wp-json\/wp\/v2\/tags?post=2013"}],"curies":[{"name":"wp","href":"https:\/\/api.w.org\/{rel}","templated":true}]}}