{"id":2598,"date":"2016-11-27T21:04:13","date_gmt":"2016-11-27T19:04:13","guid":{"rendered":"http:\/\/sebastiandiezig.com\/wordpress\/?p=2598"},"modified":"2016-11-27T21:17:02","modified_gmt":"2016-11-27T19:17:02","slug":"live-video-brahms-streichquartett-a-moll","status":"publish","type":"post","link":"https:\/\/sebastiandiezig.com\/wordpress\/live-video-brahms-streichquartett-a-moll\/","title":{"rendered":"Live Video: Brahms Streichquartett a-moll"},"content":{"rendered":"<p><iframe loading=\"lazy\" title=\"Brahms String Quartet No. 2 in a minor - Vector Quartet Live in Lucerne\" width=\"980\" height=\"551\" src=\"https:\/\/www.youtube.com\/embed\/hxZZuliWHX0?feature=oembed\" frameborder=\"0\" allow=\"accelerometer; autoplay; clipboard-write; encrypted-media; gyroscope; picture-in-picture; web-share\" allowfullscreen><\/iframe><\/p>\n<p>Aufnahme des Konzertes vom 11.6.2016 in der International Church Luzern<\/p>\n<p>Vector Quartet Lucerne &#8211; <a href=\"http:\/\/www.vectorq.ch\">http:\/\/www.vectorq.ch<\/a><br \/>\nDenitza Kucera &#8211; violin I<br \/>\nReiko Koi &#8211; violin II<br \/>\nBernd Haag &#8211; viola<br \/>\nSebastian Diezig &#8211; cello<\/p>\n<p>Mit seiner melancholisch-nostalgischen Grundstimmung geh\u00f6rt Brahms&#8217; zweites Streichquartett in a-moll zu\u00a0meinen\u00a0pers\u00f6nlichen Top-10-Lieblingsst\u00fccken. Die\u00a0CD-Aufnahme des Sine Nomine Quartetts, welche ich besitze und auf\u00a0der mein\u00a0Lehrer Marc Jaermann als Cellist zu h\u00f6ren ist, habe\u00a0ich vor und w\u00e4hrend dem Studium insgesamt bestimmt \u00fcber 150x geh\u00f6rt. Umso gr\u00f6sser war die Freude, dieses sch\u00f6ne Werk\u00a0endlich einmal nicht nur als H\u00f6rer zu erleben, sondern selber zu spielen\u00a0und eine eigene Aufnahme davon zu haben.<\/p>\n","protected":false},"excerpt":{"rendered":"<p>Aufnahme des Konzertes vom 11.6.2016 in der International Church Luzern Vector Quartet Lucerne &#8211; http:\/\/www.vectorq.ch Denitza Kucera &#8211; violin I Reiko Koi &#8211; violin II Bernd Haag &#8211; viola Sebastian Diezig &#8211; cello Mit seiner melancholisch-nostalgischen Grundstimmung geh\u00f6rt Brahms&#8217; zweites Streichquartett in a-moll zu\u00a0meinen\u00a0pers\u00f6nlichen Top-10-Lieblingsst\u00fccken. Die\u00a0CD-Aufnahme des Sine Nomine Quartetts, welche ich besitze und auf\u00a0der [&hellip;]<\/p>\n","protected":false},"author":1,"featured_media":0,"comment_status":"open","ping_status":"open","sticky":false,"template":"","format":"standard","meta":{"_jetpack_memberships_contains_paid_content":false,"footnotes":""},"categories":[22,26],"tags":[184,65,181,175,78,182,39,249,241],"class_list":["post-2598","post","type-post","status-publish","format-standard","hentry","category-videos-chamber-music","category-videos-romantic","tag-bernd-haag","tag-brahms","tag-denitza-kucera","tag-live-video","tag-luzern","tag-reiko-koi","tag-sebastian-diezig","tag-streichquartett","tag-vector-quartett-luzern"],"jetpack_featured_media_url":"","jetpack_sharing_enabled":true,"_links":{"self":[{"href":"https:\/\/sebastiandiezig.com\/wordpress\/wp-json\/wp\/v2\/posts\/2598","targetHints":{"allow":["GET"]}}],"collection":[{"href":"https:\/\/sebastiandiezig.com\/wordpress\/wp-json\/wp\/v2\/posts"}],"about":[{"href":"https:\/\/sebastiandiezig.com\/wordpress\/wp-json\/wp\/v2\/types\/post"}],"author":[{"embeddable":true,"href":"https:\/\/sebastiandiezig.com\/wordpress\/wp-json\/wp\/v2\/users\/1"}],"replies":[{"embeddable":true,"href":"https:\/\/sebastiandiezig.com\/wordpress\/wp-json\/wp\/v2\/comments?post=2598"}],"version-history":[{"count":6,"href":"https:\/\/sebastiandiezig.com\/wordpress\/wp-json\/wp\/v2\/posts\/2598\/revisions"}],"predecessor-version":[{"id":2604,"href":"https:\/\/sebastiandiezig.com\/wordpress\/wp-json\/wp\/v2\/posts\/2598\/revisions\/2604"}],"wp:attachment":[{"href":"https:\/\/sebastiandiezig.com\/wordpress\/wp-json\/wp\/v2\/media?parent=2598"}],"wp:term":[{"taxonomy":"category","embeddable":true,"href":"https:\/\/sebastiandiezig.com\/wordpress\/wp-json\/wp\/v2\/categories?post=2598"},{"taxonomy":"post_tag","embeddable":true,"href":"https:\/\/sebastiandiezig.com\/wordpress\/wp-json\/wp\/v2\/tags?post=2598"}],"curies":[{"name":"wp","href":"https:\/\/api.w.org\/{rel}","templated":true}]}}