{"id":2696,"date":"2016-05-02T19:18:31","date_gmt":"2016-05-02T17:18:31","guid":{"rendered":"http:\/\/sebastiandiezig.com\/wordpress\/?p=2696"},"modified":"2017-02-28T19:24:31","modified_gmt":"2017-02-28T17:24:31","slug":"presseartikel-heimspiel-fur-zwei-freiburger-musiker-freiburger-nachrichten-vom-2-5-2016","status":"publish","type":"post","link":"https:\/\/sebastiandiezig.com\/wordpress\/presseartikel-heimspiel-fur-zwei-freiburger-musiker-freiburger-nachrichten-vom-2-5-2016\/","title":{"rendered":"Presseartikel: &#8220;Heimspiel f\u00fcr zwei Freiburger Musiker&#8221; (Freiburger Nachrichten vom 2.5.2016)"},"content":{"rendered":"<div class=\"\"><b class=\"\">Freiburger Nachrichten vom 2.5.2016:<\/b><\/div>\n<h3><span style=\"font-size: large;\">Heimspiel f\u00fcr zwei Freiburger Musiker<\/span><\/h3>\n<h6><span class=\"\">Mit der vertrauten Klangwelt von Dvorak spielten sich zwei Freiburger Musiker am Freitagabend im Equilibre in die Herzen des Publikums: J\u00e9r\u00f4me Kuhn dirigierte das Prager Sinfonie Ensemble, Sebastian Diezig war Cello-Solist.<\/span><\/h6>\n<div class=\"\"><\/div>\n<div class=\"\">IRMGARD LEHMANN<\/div>\n<div class=\"\">\u2014 \u2014 \u2014 \u2014 \u2014 \u2014 \u2014 \u2014\u00a0\u2014\u00a0\u2014<\/div>\n<div class=\"\"><b class=\"\">FREIBURG<\/b>\u00a0Die Abokonzerte im Equilibre sind gut besucht. Doch volles Haus wie am Freitag ist Ausnahme. Kein Wunder, wenn gleich zwei junge Musiker aus Freiburg den Ton angeben: Sebastian Diezig aus St. Ursen als Cellist und J\u00e9r\u00f4me Kuhn aus Villars-sur-Gl\u00e2ne als Dirigent, beide 33-j\u00e4hrig und beide mit Studium in Freiburg.<\/div>\n<div class=\"\">Der Abend stand ganz im Zeichen Dvoraks. Mit dem Cellokonzert und der 9. Sinfonie \u201eDie Neue Welt\u201c pr\u00e4sentierte das Prager Sinfonie Ensemble eine innig vertraute Klangwelt. Das dritte Werk, die 9. von Dvorak, wurde denn auch zum H\u00f6hepunkt. Die Vertrautheit des 65-k\u00f6pfigen Ensembles mit der musikalischen Sprache des tschechischen Nationalheiligen war vom ersten Moment an zu sp\u00fcren. Unter der Leitung ihres Gr\u00fcnders Kuhn, der mit unpr\u00e4tenti\u00f6sem Gestus agierte, zeigte sich das Ensemble \u00e4usserst leidenschaftlich. Allein dieses Largo, dessen schwerm\u00fctiges Motiv die Oboistin immer wieder zart und mit unwiderstehlicher Klangf\u00fclle aufnahm. Man glaubte ein anderes Orchester zu h\u00f6ren als zu Beginn. Klang doch die einleitende Ouverture \u201eCarnaval\u201c wenig \u00fcberzeugend.<\/div>\n<div class=\"\">Die Begeisterung des Publikums hat das Orchester mit dem reisserischen \u201eSlawischen Tanz\u201c von Dvorak freudig verdankt.<\/div>\n<div class=\"\"><\/div>\n<div class=\"\"><b class=\"\">Subtiles Cello-Spiel<\/b><\/div>\n<div class=\"\">Gespannt wartete man auf den Auftritt von Sebastian Diezig, Solist im Dvorak-Cellokonzert, das als zweites Werk folgte. Ob ein Heimspiel schwierig ist? \u201eNein\u201c, sagt er sp\u00e4ter. \u201eEs ist viel stimulierender, vor Freunden zu spielen als vor Fremden.\u201c Diezig war denn auch ganz bei sich, interpretierte subtil, zur\u00fcckhaltend, doch stets fein nuancierend und transparent. Schade nur, dass das Orchester bzw. Klarinette und Querfl\u00f6te bisweilen zu laut agierten. Mit einem Solost\u00fcck, der Sarabande aus Bachs 1. Suite, als Zugabe erntete Diezig nochmals viel Applaus.<\/div>\n<div class=\"\">In Prag ein Orchester gr\u00fcnden &#8211; wie kommt ein 33-j\u00e4hriger Freiburger Pianist dazu? Vor vier Jahren habe er die Prager Philharmonie dirigiert, und da habe sich mit dem Oboisten eine Freundschaft entwickelt, erz\u00e4hlt Kuhn bei der Ap\u00e9ro-Runde \u00a0nach den Konzert. \u201eProjekt-Anfragen haben uns dann motiviert, 2013 eine kleine Projekt-Formation zu gr\u00fcnden, die aber immer gr\u00f6sser geworden ist.\u201c Ein mutiges Unterfangen!<\/div>\n<div class=\"\"><\/div>\n","protected":false},"excerpt":{"rendered":"<p>Freiburger Nachrichten vom 2.5.2016: Heimspiel f\u00fcr zwei Freiburger Musiker Mit der vertrauten Klangwelt von Dvorak spielten sich zwei Freiburger Musiker am Freitagabend im Equilibre in die Herzen des Publikums: J\u00e9r\u00f4me Kuhn dirigierte das Prager Sinfonie Ensemble, Sebastian Diezig war Cello-Solist. IRMGARD LEHMANN \u2014 \u2014 \u2014 \u2014 \u2014 \u2014 \u2014 \u2014\u00a0\u2014\u00a0\u2014 FREIBURG\u00a0Die Abokonzerte im Equilibre sind [&hellip;]<\/p>\n","protected":false},"author":1,"featured_media":0,"comment_status":"open","ping_status":"open","sticky":false,"template":"","format":"standard","meta":{"_jetpack_memberships_contains_paid_content":false,"footnotes":""},"categories":[33],"tags":[42,371,43,77,373,399,39],"class_list":["post-2696","post","type-post","status-publish","format-standard","hentry","category-presseartikel","tag-dvorak","tag-equilibre","tag-freiburger-nachrichten","tag-fribourg","tag-jerome-kuhn","tag-prague-sy","tag-sebastian-diezig"],"jetpack_featured_media_url":"","jetpack_sharing_enabled":true,"_links":{"self":[{"href":"https:\/\/sebastiandiezig.com\/wordpress\/wp-json\/wp\/v2\/posts\/2696","targetHints":{"allow":["GET"]}}],"collection":[{"href":"https:\/\/sebastiandiezig.com\/wordpress\/wp-json\/wp\/v2\/posts"}],"about":[{"href":"https:\/\/sebastiandiezig.com\/wordpress\/wp-json\/wp\/v2\/types\/post"}],"author":[{"embeddable":true,"href":"https:\/\/sebastiandiezig.com\/wordpress\/wp-json\/wp\/v2\/users\/1"}],"replies":[{"embeddable":true,"href":"https:\/\/sebastiandiezig.com\/wordpress\/wp-json\/wp\/v2\/comments?post=2696"}],"version-history":[{"count":7,"href":"https:\/\/sebastiandiezig.com\/wordpress\/wp-json\/wp\/v2\/posts\/2696\/revisions"}],"predecessor-version":[{"id":2703,"href":"https:\/\/sebastiandiezig.com\/wordpress\/wp-json\/wp\/v2\/posts\/2696\/revisions\/2703"}],"wp:attachment":[{"href":"https:\/\/sebastiandiezig.com\/wordpress\/wp-json\/wp\/v2\/media?parent=2696"}],"wp:term":[{"taxonomy":"category","embeddable":true,"href":"https:\/\/sebastiandiezig.com\/wordpress\/wp-json\/wp\/v2\/categories?post=2696"},{"taxonomy":"post_tag","embeddable":true,"href":"https:\/\/sebastiandiezig.com\/wordpress\/wp-json\/wp\/v2\/tags?post=2696"}],"curies":[{"name":"wp","href":"https:\/\/api.w.org\/{rel}","templated":true}]}}