{"id":3302,"date":"2019-04-05T08:57:22","date_gmt":"2019-04-05T06:57:22","guid":{"rendered":"http:\/\/sebastiandiezig.com\/wordpress\/?p=3302"},"modified":"2019-04-05T08:59:59","modified_gmt":"2019-04-05T06:59:59","slug":"klaviertrios-von-johannes-brahms-und-olivier-lattion-im-cafe-belvedere-fribourg","status":"publish","type":"post","link":"https:\/\/sebastiandiezig.com\/wordpress\/klaviertrios-von-johannes-brahms-und-olivier-lattion-im-cafe-belvedere-fribourg\/","title":{"rendered":"Klaviertrios von Brahms und Lattion im Caf\u00e9 Belv\u00e9d\u00e8re Fribourg"},"content":{"rendered":"<hr \/>\n<div id='gallery-1' class='gallery galleryid-3302 gallery-columns-3 gallery-size-medium'><figure class='gallery-item'>\n\t\t\t<div class='gallery-icon portrait'>\n\t\t\t\t<a href='https:\/\/sebastiandiezig.com\/wordpress\/konzert-in-st-ursen-am-18-5-2018\/paula-novoa-2018\/'><img loading=\"lazy\" decoding=\"async\" width=\"580\" height=\"871\" src=\"https:\/\/sebastiandiezig.com\/wordpress\/wp-content\/uploads\/2018\/05\/Paula-Novoa-206-580x871.jpg\" class=\"attachment-medium size-medium\" alt=\"\" aria-describedby=\"gallery-1-3078\" srcset=\"https:\/\/sebastiandiezig.com\/wordpress\/wp-content\/uploads\/2018\/05\/Paula-Novoa-206-580x871.jpg 580w, https:\/\/sebastiandiezig.com\/wordpress\/wp-content\/uploads\/2018\/05\/Paula-Novoa-206-scaled-416x625.jpg 416w, https:\/\/sebastiandiezig.com\/wordpress\/wp-content\/uploads\/2018\/05\/Paula-Novoa-206-940x1412.jpg 940w, https:\/\/sebastiandiezig.com\/wordpress\/wp-content\/uploads\/2018\/05\/Paula-Novoa-206-695x1044.jpg 695w, https:\/\/sebastiandiezig.com\/wordpress\/wp-content\/uploads\/2018\/05\/Paula-Novoa-206-100x150.jpg 100w, https:\/\/sebastiandiezig.com\/wordpress\/wp-content\/uploads\/2018\/05\/Paula-Novoa-206-scaled.jpg 1704w\" sizes=\"auto, (max-width: 580px) 100vw, 580px\" \/><\/a>\n\t\t\t<\/div>\n\t\t\t\t<figcaption class='wp-caption-text gallery-caption' id='gallery-1-3078'>\n\t\t\t\tViolinistin Paula Novoa\n\t\t\t\t<\/figcaption><\/figure><figure class='gallery-item'>\n\t\t\t<div class='gallery-icon portrait'>\n\t\t\t\t<a href='https:\/\/sebastiandiezig.com\/wordpress\/fotos\/sebastian-diezig-2018-3\/'><img loading=\"lazy\" decoding=\"async\" width=\"580\" height=\"871\" src=\"https:\/\/sebastiandiezig.com\/wordpress\/wp-content\/uploads\/2013\/08\/Sebastian-Diezig-115a-580x871.jpg\" class=\"attachment-medium size-medium\" alt=\"\" srcset=\"https:\/\/sebastiandiezig.com\/wordpress\/wp-content\/uploads\/2013\/08\/Sebastian-Diezig-115a-580x871.jpg 580w, https:\/\/sebastiandiezig.com\/wordpress\/wp-content\/uploads\/2013\/08\/Sebastian-Diezig-115a-scaled-416x625.jpg 416w, https:\/\/sebastiandiezig.com\/wordpress\/wp-content\/uploads\/2013\/08\/Sebastian-Diezig-115a-940x1412.jpg 940w, https:\/\/sebastiandiezig.com\/wordpress\/wp-content\/uploads\/2013\/08\/Sebastian-Diezig-115a-695x1044.jpg 695w, https:\/\/sebastiandiezig.com\/wordpress\/wp-content\/uploads\/2013\/08\/Sebastian-Diezig-115a-100x150.jpg 100w, https:\/\/sebastiandiezig.com\/wordpress\/wp-content\/uploads\/2013\/08\/Sebastian-Diezig-115a-scaled.jpg 1704w\" sizes=\"auto, (max-width: 580px) 100vw, 580px\" \/><\/a>\n\t\t\t<\/div><\/figure><figure class='gallery-item'>\n\t\t\t<div class='gallery-icon portrait'>\n\t\t\t\t<a href='https:\/\/sebastiandiezig.com\/wordpress\/klaviertrios-von-johannes-brahms-und-olivier-lattion-im-cafe-belvedere-fribourg\/portrait-2-olivier-lattion\/'><img loading=\"lazy\" decoding=\"async\" width=\"510\" height=\"740\" src=\"https:\/\/sebastiandiezig.com\/wordpress\/wp-content\/uploads\/2019\/04\/Portrait-2-Olivier-Lattion.jpg\" class=\"attachment-medium size-medium\" alt=\"\" aria-describedby=\"gallery-1-3303\" srcset=\"https:\/\/sebastiandiezig.com\/wordpress\/wp-content\/uploads\/2019\/04\/Portrait-2-Olivier-Lattion.jpg 510w, https:\/\/sebastiandiezig.com\/wordpress\/wp-content\/uploads\/2019\/04\/Portrait-2-Olivier-Lattion-416x604.jpg 416w, https:\/\/sebastiandiezig.com\/wordpress\/wp-content\/uploads\/2019\/04\/Portrait-2-Olivier-Lattion-103x150.jpg 103w\" sizes=\"auto, (max-width: 510px) 100vw, 510px\" \/><\/a>\n\t\t\t<\/div>\n\t\t\t\t<figcaption class='wp-caption-text gallery-caption' id='gallery-1-3303'>\n\t\t\t\tPianist\/Komponist Olivier Lattion\n\t\t\t\t<\/figcaption><\/figure>\n\t\t<\/div>\n\n<hr \/>\n<p>Ich lade Sie herzlich ein, am Sonntag, dem <strong>7.4.2019 um 20:30 Uhr in Fribourg im Caf\u00e9 Belv\u00e9d\u00e8re<\/strong> der Urauff\u00fchrung von Olivier Lattions Klaviertrio &#8220;Moonphase Trio&#8221; beizuwohnen. Olivier Lattions Musik ist modern genug um neu zu klingen aber dennoch so tonal, dass jeder etwas damit anfangen kann. Ich denke, dass er ein sch\u00f6nes Trio geschrieben hat. Ebenfalls auf dem Programm steht Johannes Brahms&#8217; Klaviertrio op. 8 in H-Dur. Von den drei Klaviertrios des grossen deutschen Sp\u00e4tromantikers ist dieses das lyrischste. Obschon der Komponist zum Zeitpunkt der Ver\u00f6ffentlichung erst 21 Jahre alt war, ist es bereits ein unverkennbarer Brahms und sowohl vom handwerklichen als auch von der k\u00fcnstlerischen Qualit\u00e4t her ein Oeuvre der allerersten Kategorie. Ich freue mich sehr, mit meiner Frau <a href=\"http:\/\/www.PaulaNovoa.com\">Paula Novoa<\/a> an der Geige und dem Komponisten des &#8220;Moonphase Trios&#8221; <a href=\"http:\/\/www.OlivierLattion.ch\">Olivier Lattion<\/a> am Klavier dieses Konzert zu spielen und wir w\u00fcrden uns freuen, wenn Sie als Zuh\u00f6rer\/in dabeisein w\u00fcrden, zumal es nicht allt\u00e4glich ist, dass ein Klaviertrio dieser Qualit\u00e4t aus der Taufe gehoben wird.<\/p>\n","protected":false},"excerpt":{"rendered":"<p>Ich lade Sie herzlich ein, am Sonntag, dem 7.4.2019 um 20:30 Uhr in Fribourg im Caf\u00e9 Belv\u00e9d\u00e8re der Urauff\u00fchrung von Olivier Lattions Klaviertrio &#8220;Moonphase Trio&#8221; beizuwohnen. Olivier Lattions Musik ist modern genug um neu zu klingen aber dennoch so tonal, dass jeder etwas damit anfangen kann. Ich denke, dass er ein sch\u00f6nes Trio geschrieben hat. [&hellip;]<\/p>\n","protected":false},"author":1,"featured_media":0,"comment_status":"open","ping_status":"open","sticky":false,"template":"","format":"standard","meta":{"_jetpack_memberships_contains_paid_content":false,"footnotes":""},"categories":[6],"tags":[436,77,435,321,162,434,152,39],"class_list":["post-3302","post","type-post","status-publish","format-standard","hentry","category-sebastian-diezigs-news","tag-belvedere","tag-fribourg","tag-johannes-brahms","tag-kammermusik","tag-klaviertrio","tag-olivier-lattion","tag-paula-novoa","tag-sebastian-diezig"],"jetpack_featured_media_url":"","jetpack_sharing_enabled":true,"_links":{"self":[{"href":"https:\/\/sebastiandiezig.com\/wordpress\/wp-json\/wp\/v2\/posts\/3302","targetHints":{"allow":["GET"]}}],"collection":[{"href":"https:\/\/sebastiandiezig.com\/wordpress\/wp-json\/wp\/v2\/posts"}],"about":[{"href":"https:\/\/sebastiandiezig.com\/wordpress\/wp-json\/wp\/v2\/types\/post"}],"author":[{"embeddable":true,"href":"https:\/\/sebastiandiezig.com\/wordpress\/wp-json\/wp\/v2\/users\/1"}],"replies":[{"embeddable":true,"href":"https:\/\/sebastiandiezig.com\/wordpress\/wp-json\/wp\/v2\/comments?post=3302"}],"version-history":[{"count":9,"href":"https:\/\/sebastiandiezig.com\/wordpress\/wp-json\/wp\/v2\/posts\/3302\/revisions"}],"predecessor-version":[{"id":3312,"href":"https:\/\/sebastiandiezig.com\/wordpress\/wp-json\/wp\/v2\/posts\/3302\/revisions\/3312"}],"wp:attachment":[{"href":"https:\/\/sebastiandiezig.com\/wordpress\/wp-json\/wp\/v2\/media?parent=3302"}],"wp:term":[{"taxonomy":"category","embeddable":true,"href":"https:\/\/sebastiandiezig.com\/wordpress\/wp-json\/wp\/v2\/categories?post=3302"},{"taxonomy":"post_tag","embeddable":true,"href":"https:\/\/sebastiandiezig.com\/wordpress\/wp-json\/wp\/v2\/tags?post=3302"}],"curies":[{"name":"wp","href":"https:\/\/api.w.org\/{rel}","templated":true}]}}