{"id":3393,"date":"2019-06-16T23:23:44","date_gmt":"2019-06-16T21:23:44","guid":{"rendered":"http:\/\/sebastiandiezig.com\/wordpress\/?p=3393"},"modified":"2019-06-16T23:44:19","modified_gmt":"2019-06-16T21:44:19","slug":"konzerthinweise-saint-saens-cellokonzert-gstaad-4-8-19-und-rokoko-variationen-fribourg-1-12-19","status":"publish","type":"post","link":"https:\/\/sebastiandiezig.com\/wordpress\/konzerthinweise-saint-saens-cellokonzert-gstaad-4-8-19-und-rokoko-variationen-fribourg-1-12-19\/","title":{"rendered":"Konzerthinweise: Saint-Sa\u00ebns-Cellokonzert (Gstaad, 4.8.19) und Rokoko-Variationen (Fribourg, 1.12.19)"},"content":{"rendered":"<p>Es stehen im zweiten Semester dieses Jahres zwei Konzerte an, in denen ich als Solist mit Orchester zu h\u00f6ren sein werde. Ich m\u00f6chte Sie sehr herzlich einladen, diese Termine in Ihrer Agenda vorzumerken, damit Sie als Publikum dabei sein k\u00f6nnen. Die guten und sympathischen Orchester werden in beiden F\u00e4llen von exzellenten Dirigenten geleitet werden: Kevin Griffiths im ersten Konzert am 4.8.19 in Gstaad (Saint-Sa\u00ebns Cellokonzert) und Alexandru Ianos im zweiten Konzert am 1.12.19 in Fribourg (Rokoko-Variationen). Die Programme sind attraktiv (siehe unten) und sprechen f\u00fcr sich.<\/p>\n<p>Als pers\u00f6nliche Note in diesem kurzen Hinweis kann ich Ihnen mitteilen, dass ich mich als Orchestermusiker sehr gl\u00fccklich sch\u00e4tze, Jahr f\u00fcr Jahr immer wieder als Solist mit Orchestern auftreten zu k\u00f6nnen. Die Gr\u00fcnde daf\u00fcr sind mannigfaltig. In erster Linie ist es ein Ziel von mir, meine solistische Ader zu pflegen, denn ich habe mit dem Solistendiplom vor nunmehr 11 Jahren eine Ausbildung zum Solisten absolviert, welche auf erfolgreiche Teilnahmen an internationalen Wettbewerben und eine mittlerweile stattliche Anzahl solistischer Auftritte hinauslief. Auch ist ein Solokonzert ein riesiger Kontrast zu meiner Orchestert\u00e4tigkeit: Auf der einen Seite das gigantische Teamwork im Orchester, auf der anderen das auf sich gestellt sein, das man im Solokonzert erlebt. Hier das schnelle, effiziente, fast fliessbandartige, nahezu &#8220;Musikfabrik&#8221;-gleichsame, beinahe vom Blatt gespielte Abliefern von einem Programm nach dem anderen, dort das perfektionistische, nie gut genuge, minuti\u00f6se Vorbereiten und dann intensive auswendig spielen. Es ist unglaublich bereichernd, beides erleben zu d\u00fcrfen und ich hoffe, dass Sie sich im Publikum in all den Konzerten, die Sie \u00fcberall besuchen, auch stets ein Scheibchen davon abschneiden k\u00f6nnen.<br \/>\nAuf bald und beste Gr\u00fcsse, Sebastian Diezig<\/p>\n<h4><span style=\"color: #993300;\">INFOS:<\/span><\/h4>\n<p><strong><span style=\"color: #008000;\">Sonntag, 4.8.2019, 11h30, Gstaad, Festivalzelt<\/span><br \/>\n<\/strong>Franz\u00f6sische Chansons in Bearbeitungen von Meinrad Koch f\u00fcr Solostimme und Orchester<br \/>\n<strong>Saint-Sa\u00ebns: Cellokonzert Nr. 1 in a-moll op. 33<\/strong><br \/>\nTchaikovsky: Sinfonie Nr. 6 h-moll op. 74 \u201cPath\u00e9tique\u201d<br \/>\n<em>Play@Gstaad Menuhin Festival Amateurorchester<\/em><br \/>\n<em>Kevin Griffiths, Dirigent<\/em><br \/>\n<em>Sebastian Diezig, Cello<br \/>\n<\/em>&#8212;<br \/>\n<strong><span style=\"color: #008000;\">Sonntag, 1.12.2019, 17h,\u00a0Fribourg, Aula der Universit\u00e4t<\/span><br \/>\n<\/strong>Dittersdorf: Sinfonie in C-Dur \u201cDie vier Weltalter\u201d<br \/>\n<strong>Tschaikowsky: Rokoko Variationen op. 33<\/strong><br \/>\nDvorak: Sinfonie Nr. 9 in e-moll op. 95 \u201cAus der neuen Welt\u201d<br \/>\n<em>Orchestre de la Ville et de l\u2019Universit\u00e9 de Fribourg<\/em><br \/>\n<em>Alexandru Ianos, Dirigent<\/em><br \/>\n<em>Sebastian Diezig, Cello<\/em><\/p>\n","protected":false},"excerpt":{"rendered":"<p>Es stehen im zweiten Semester dieses Jahres zwei Konzerte an, in denen ich als Solist mit Orchester zu h\u00f6ren sein werde. Ich m\u00f6chte Sie sehr herzlich einladen, diese Termine in Ihrer Agenda vorzumerken, damit Sie als Publikum dabei sein k\u00f6nnen. Die guten und sympathischen Orchester werden in beiden F\u00e4llen von exzellenten Dirigenten geleitet werden: Kevin [&hellip;]<\/p>\n","protected":false},"author":1,"featured_media":3399,"comment_status":"open","ping_status":"open","sticky":false,"template":"","format":"standard","meta":{"_jetpack_memberships_contains_paid_content":false,"footnotes":""},"categories":[6],"tags":[451,453,77,251,450,449,452,73,81],"class_list":["post-3393","post","type-post","status-publish","format-standard","has-post-thumbnail","hentry","category-sebastian-diezigs-news","tag-alexandru-ianos","tag-cellokonzert","tag-fribourg","tag-gstaad","tag-kevin-griffiths","tag-menuhin-festival-gstaad","tag-rokoko-variationen","tag-saint-saens","tag-tschaikowsky"],"jetpack_featured_media_url":"https:\/\/sebastiandiezig.com\/wordpress\/wp-content\/uploads\/2019\/06\/2018-10-21-17.21.11-scaled.jpeg","jetpack_sharing_enabled":true,"_links":{"self":[{"href":"https:\/\/sebastiandiezig.com\/wordpress\/wp-json\/wp\/v2\/posts\/3393","targetHints":{"allow":["GET"]}}],"collection":[{"href":"https:\/\/sebastiandiezig.com\/wordpress\/wp-json\/wp\/v2\/posts"}],"about":[{"href":"https:\/\/sebastiandiezig.com\/wordpress\/wp-json\/wp\/v2\/types\/post"}],"author":[{"embeddable":true,"href":"https:\/\/sebastiandiezig.com\/wordpress\/wp-json\/wp\/v2\/users\/1"}],"replies":[{"embeddable":true,"href":"https:\/\/sebastiandiezig.com\/wordpress\/wp-json\/wp\/v2\/comments?post=3393"}],"version-history":[{"count":22,"href":"https:\/\/sebastiandiezig.com\/wordpress\/wp-json\/wp\/v2\/posts\/3393\/revisions"}],"predecessor-version":[{"id":3416,"href":"https:\/\/sebastiandiezig.com\/wordpress\/wp-json\/wp\/v2\/posts\/3393\/revisions\/3416"}],"wp:featuredmedia":[{"embeddable":true,"href":"https:\/\/sebastiandiezig.com\/wordpress\/wp-json\/wp\/v2\/media\/3399"}],"wp:attachment":[{"href":"https:\/\/sebastiandiezig.com\/wordpress\/wp-json\/wp\/v2\/media?parent=3393"}],"wp:term":[{"taxonomy":"category","embeddable":true,"href":"https:\/\/sebastiandiezig.com\/wordpress\/wp-json\/wp\/v2\/categories?post=3393"},{"taxonomy":"post_tag","embeddable":true,"href":"https:\/\/sebastiandiezig.com\/wordpress\/wp-json\/wp\/v2\/tags?post=3393"}],"curies":[{"name":"wp","href":"https:\/\/api.w.org\/{rel}","templated":true}]}}