{"id":361,"date":"2011-01-01T14:35:31","date_gmt":"2011-01-01T12:35:31","guid":{"rendered":"http:\/\/sebastiandiezig.com\/wordpress\/?p=361"},"modified":"2013-08-30T11:51:22","modified_gmt":"2013-08-30T09:51:22","slug":"brahms-klaviertrio-nr-1-in-basel","status":"publish","type":"post","link":"https:\/\/sebastiandiezig.com\/wordpress\/brahms-klaviertrio-nr-1-in-basel\/","title":{"rendered":"Brahms Klaviertrio Nr. 1 in Basel"},"content":{"rendered":"<p>Es freut mich sehr, wieder mal in Basel zu spielen. Im Rahmen der Museumsnacht werde ich am 21.1.2011 um 21h im M\u00fcnster in der Magdalenenkapelle (Gl\u00fchweinbar) mit dem Geiger Laszlo Fogarassy und dem Pianisten Riccardo Bovino das wundersch\u00f6ne H-Dur-Klaviertrio von Johannes Brahms spielen. Mit Laszlo und vor allem mit Riccardo habe ich in den vergangenen Jahren viel zusammengespielt und es macht wirklich Spass. Ich denke, das wird auch das Publikum merken und schon alleine deshalb m\u00f6chte ich euch alle einladen, zu diesem Konzert zu kommen!<\/p>\n","protected":false},"excerpt":{"rendered":"<p>Es freut mich sehr, wieder mal in Basel zu spielen. Im Rahmen der Museumsnacht werde ich am 21.1.2011 um 21h im M\u00fcnster in der Magdalenenkapelle (Gl\u00fchweinbar) mit dem Geiger Laszlo Fogarassy und dem Pianisten Riccardo Bovino das wundersch\u00f6ne H-Dur-Klaviertrio von Johannes Brahms spielen. Mit Laszlo und vor allem mit Riccardo habe ich in den vergangenen [&hellip;]<\/p>\n","protected":false},"author":1,"featured_media":0,"comment_status":"open","ping_status":"open","sticky":false,"template":"","format":"standard","meta":{"_jetpack_memberships_contains_paid_content":false,"footnotes":""},"categories":[6],"tags":[80,65,48],"class_list":["post-361","post","type-post","status-publish","format-standard","hentry","category-sebastian-diezigs-news","tag-basel","tag-brahms","tag-konzertnews"],"jetpack_featured_media_url":"","jetpack_sharing_enabled":true,"_links":{"self":[{"href":"https:\/\/sebastiandiezig.com\/wordpress\/wp-json\/wp\/v2\/posts\/361","targetHints":{"allow":["GET"]}}],"collection":[{"href":"https:\/\/sebastiandiezig.com\/wordpress\/wp-json\/wp\/v2\/posts"}],"about":[{"href":"https:\/\/sebastiandiezig.com\/wordpress\/wp-json\/wp\/v2\/types\/post"}],"author":[{"embeddable":true,"href":"https:\/\/sebastiandiezig.com\/wordpress\/wp-json\/wp\/v2\/users\/1"}],"replies":[{"embeddable":true,"href":"https:\/\/sebastiandiezig.com\/wordpress\/wp-json\/wp\/v2\/comments?post=361"}],"version-history":[{"count":1,"href":"https:\/\/sebastiandiezig.com\/wordpress\/wp-json\/wp\/v2\/posts\/361\/revisions"}],"predecessor-version":[{"id":362,"href":"https:\/\/sebastiandiezig.com\/wordpress\/wp-json\/wp\/v2\/posts\/361\/revisions\/362"}],"wp:attachment":[{"href":"https:\/\/sebastiandiezig.com\/wordpress\/wp-json\/wp\/v2\/media?parent=361"}],"wp:term":[{"taxonomy":"category","embeddable":true,"href":"https:\/\/sebastiandiezig.com\/wordpress\/wp-json\/wp\/v2\/categories?post=361"},{"taxonomy":"post_tag","embeddable":true,"href":"https:\/\/sebastiandiezig.com\/wordpress\/wp-json\/wp\/v2\/tags?post=361"}],"curies":[{"name":"wp","href":"https:\/\/api.w.org\/{rel}","templated":true}]}}