{"id":3640,"date":"2020-04-19T10:19:45","date_gmt":"2020-04-19T08:19:45","guid":{"rendered":"http:\/\/sebastiandiezig.com\/wordpress\/?p=3640"},"modified":"2020-05-09T11:10:34","modified_gmt":"2020-05-09T09:10:34","slug":"54-jahre-cello-abstinenz-ist-die-saitenlage-zu-hoch","status":"publish","type":"post","link":"https:\/\/sebastiandiezig.com\/wordpress\/54-jahre-cello-abstinenz-ist-die-saitenlage-zu-hoch\/","title":{"rendered":"45 Jahre Cello-Abstinenz: Ist die Saitenlage zu hoch?"},"content":{"rendered":"<p>Ab und zu stellen mir Leser eine Frage von allgemeinem Interesse. Ich publiziere sie dann mit meiner Antwort anonymisiert unter der Rubrik Q &amp; A (Question\u00a0and Answer). Z\u00f6gern Sie nicht:\u00a0Auch Sie k\u00f6nnen mir <a href=\"http:\/\/sebastiandiezig.com\/wordpress\/kurzschluss\/\">Ihre Frage stellen<\/a>.<\/p>\n<p><strong>Frage:<\/strong><\/p>\n<p>Ich bin nach 45 Jahren Abstinenz auf meine alten Tage wieder zum Cello\u00a0gekommen, welches seine Zeit bei meinem Neffen verbracht hatte. Nun gilt\u00a0es, sich alles wieder draufzuschaffen, und ich frage mich, ob die<br \/>\nSaitenlage ok ist. Ein Instrumentenbauer hatte gemeint, die Decke habe\u00a0sich gesenkt.\u00a0Am Halsstock (Quinte) habe ich Mitte Saite\/Griffbrett 4mm, mir kommt\u00a0das &#8211; eventuell auch wegen mangelnder Kraft in den Fingern &#8211; im Moment\u00a0sehr hoch vor. K\u00f6nne Sie dazu etwas sagen? Ich w\u00fcrde mich sehr\u00a0freuen, habe auch auf Ihren Seiten gest\u00f6bert, aber bin nicht f\u00fcndig\u00a0geworden.<\/p>\n<p><strong>Antwort:<\/strong><\/p>\n<p>Der Geigenbauer misst die Saitenh\u00f6he normalerweise am Ende des Griffbretts (in der N\u00e4he des Stegs). F\u00fcr alle Saiten gibt es empfohlene Werte in Millimetern. Nun ist es f\u00fcr mich schwierig, dies aus der Ferne zu diagnostizieren denn einerseits bin ich nicht Geigenbauer und andererseits schreiben Sie, dass sich die Decke abgesenkt hat, was normalerweise die Saitenlage eher verringert. Ich empfehle Ihnen, das Cello zu einem in Ihrer Region respektierten Geigenbauer zu bringen und die Sache mit ihm zu besprechen. Falls das Cello z.B. seit 54 Jahren keinen Geigenbauer gesehen haben sollte, ist es gut m\u00f6glich, dass ein paar kleinere oder vielleicht auch gr\u00f6ssere Reparatur-Arbeiten n\u00f6tig sind (abgesenkte Decke besprechen) und somit empfiehlt sich der gr\u00fcndliche Augenschein eines Spezialisten sowieso. Auch kann der Geigenbauer zuverl\u00e4ssig und genau die Saitenh\u00f6he messen und beurteilen. Es kann nat\u00fcrlich auch an der mangelnden Kraft liegen aber die ideale Saitenlage wird helfen. Nebenbei gesagt ist eine zu tiefe Saitenlage \u00fcbrigens nicht erstrebenswert weil man sich damit kaum kontrollierbare Nebenger\u00e4usche beim lauten Spiel, bei Lagenwechseln und bei Pizzicati einhandelt. Viel Spass mit dem Cellospiel!<\/p>\n","protected":false},"excerpt":{"rendered":"<p>Ab und zu stellen mir Leser eine Frage von allgemeinem Interesse. Ich publiziere sie dann mit meiner Antwort anonymisiert unter der Rubrik Q &amp; A (Question\u00a0and Answer). Z\u00f6gern Sie nicht:\u00a0Auch Sie k\u00f6nnen mir Ihre Frage stellen. Frage: Ich bin nach 45 Jahren Abstinenz auf meine alten Tage wieder zum Cello\u00a0gekommen, welches seine Zeit bei meinem [&hellip;]<\/p>\n","protected":false},"author":1,"featured_media":2073,"comment_status":"open","ping_status":"open","sticky":false,"template":"","format":"standard","meta":{"_jetpack_memberships_contains_paid_content":false,"footnotes":""},"categories":[19,5,3,301],"tags":[402,496],"class_list":["post-3640","post","type-post","status-publish","format-standard","has-post-thumbnail","hentry","category-ausstattung","category-cello-tipps","category-blog","category-q-a","tag-qa","tag-saitenlage"],"jetpack_featured_media_url":"https:\/\/sebastiandiezig.com\/wordpress\/wp-content\/uploads\/2015\/07\/QA.jpg","jetpack_sharing_enabled":true,"_links":{"self":[{"href":"https:\/\/sebastiandiezig.com\/wordpress\/wp-json\/wp\/v2\/posts\/3640","targetHints":{"allow":["GET"]}}],"collection":[{"href":"https:\/\/sebastiandiezig.com\/wordpress\/wp-json\/wp\/v2\/posts"}],"about":[{"href":"https:\/\/sebastiandiezig.com\/wordpress\/wp-json\/wp\/v2\/types\/post"}],"author":[{"embeddable":true,"href":"https:\/\/sebastiandiezig.com\/wordpress\/wp-json\/wp\/v2\/users\/1"}],"replies":[{"embeddable":true,"href":"https:\/\/sebastiandiezig.com\/wordpress\/wp-json\/wp\/v2\/comments?post=3640"}],"version-history":[{"count":4,"href":"https:\/\/sebastiandiezig.com\/wordpress\/wp-json\/wp\/v2\/posts\/3640\/revisions"}],"predecessor-version":[{"id":3653,"href":"https:\/\/sebastiandiezig.com\/wordpress\/wp-json\/wp\/v2\/posts\/3640\/revisions\/3653"}],"wp:featuredmedia":[{"embeddable":true,"href":"https:\/\/sebastiandiezig.com\/wordpress\/wp-json\/wp\/v2\/media\/2073"}],"wp:attachment":[{"href":"https:\/\/sebastiandiezig.com\/wordpress\/wp-json\/wp\/v2\/media?parent=3640"}],"wp:term":[{"taxonomy":"category","embeddable":true,"href":"https:\/\/sebastiandiezig.com\/wordpress\/wp-json\/wp\/v2\/categories?post=3640"},{"taxonomy":"post_tag","embeddable":true,"href":"https:\/\/sebastiandiezig.com\/wordpress\/wp-json\/wp\/v2\/tags?post=3640"}],"curies":[{"name":"wp","href":"https:\/\/api.w.org\/{rel}","templated":true}]}}