{"id":367,"date":"2011-03-24T14:40:15","date_gmt":"2011-03-24T12:40:15","guid":{"rendered":"http:\/\/sebastiandiezig.com\/wordpress\/?p=367"},"modified":"2013-08-30T11:51:02","modified_gmt":"2013-08-30T09:51:02","slug":"lunch-konzert-mit-kodaly-solo-sonate-in-fribourg","status":"publish","type":"post","link":"https:\/\/sebastiandiezig.com\/wordpress\/lunch-konzert-mit-kodaly-solo-sonate-in-fribourg\/","title":{"rendered":"Lunch-Konzert mit Kodaly Solo-Sonate in Fribourg"},"content":{"rendered":"<p>Am 1. April werde ich in Fribourg im\u00a0<a href=\"http:\/\/www.centrelephenix.com\/\" target=\"_parent\">Centre le Ph\u00e9nix<\/a>\u00a0(Rue des Alpes 7) um 12h15 die hoch interessante Solo-Sonate vom ungarischen Komponisten\u00a0<a href=\"http:\/\/de.wikipedia.org\/wiki\/Zoltan_Kodaly\" target=\"_parent\">Zoltan Kodaly<\/a>\u00a0spielen. Das St\u00fcck ist virtuoseste Literatur f\u00fcr jeden Cellisten und daher sehr spektakul\u00e4r. Kodaly sch\u00f6pft vermutlich alle (wohlklingenden) M\u00f6glichkeiten des Instruments aus. Das f\u00e4ngt an bei der Skordatur (=Umstimmung des Cellos auf A-D-FIS-H anstatt dem normalen A-D-G-C), die in sich schon eine wunderbare Harmonie ist und h\u00f6rt bei virtuosen Doppelgriffpartien noch lange nicht auf. Im ca. 30 min langen St\u00fcck bietet das Cello von Kodaly fast unabl\u00e4ssig mehrstimmig und meisterhaft harmonisiert, volkst\u00fcmliches Melodiegut aus Ungarn dar. Ich freue mich sehr auf das Konzert! Eintritt ist frei, Kollekte am Ausgang. Kommt zahlreich!<\/p>\n","protected":false},"excerpt":{"rendered":"<p>Am 1. April werde ich in Fribourg im\u00a0Centre le Ph\u00e9nix\u00a0(Rue des Alpes 7) um 12h15 die hoch interessante Solo-Sonate vom ungarischen Komponisten\u00a0Zoltan Kodaly\u00a0spielen. Das St\u00fcck ist virtuoseste Literatur f\u00fcr jeden Cellisten und daher sehr spektakul\u00e4r. Kodaly sch\u00f6pft vermutlich alle (wohlklingenden) M\u00f6glichkeiten des Instruments aus. Das f\u00e4ngt an bei der Skordatur (=Umstimmung des Cellos auf A-D-FIS-H [&hellip;]<\/p>\n","protected":false},"author":1,"featured_media":0,"comment_status":"open","ping_status":"open","sticky":false,"template":"","format":"standard","meta":{"_jetpack_memberships_contains_paid_content":false,"footnotes":""},"categories":[6],"tags":[77,52,48],"class_list":["post-367","post","type-post","status-publish","format-standard","hentry","category-sebastian-diezigs-news","tag-fribourg","tag-kodaly","tag-konzertnews"],"jetpack_featured_media_url":"","jetpack_sharing_enabled":true,"_links":{"self":[{"href":"https:\/\/sebastiandiezig.com\/wordpress\/wp-json\/wp\/v2\/posts\/367","targetHints":{"allow":["GET"]}}],"collection":[{"href":"https:\/\/sebastiandiezig.com\/wordpress\/wp-json\/wp\/v2\/posts"}],"about":[{"href":"https:\/\/sebastiandiezig.com\/wordpress\/wp-json\/wp\/v2\/types\/post"}],"author":[{"embeddable":true,"href":"https:\/\/sebastiandiezig.com\/wordpress\/wp-json\/wp\/v2\/users\/1"}],"replies":[{"embeddable":true,"href":"https:\/\/sebastiandiezig.com\/wordpress\/wp-json\/wp\/v2\/comments?post=367"}],"version-history":[{"count":1,"href":"https:\/\/sebastiandiezig.com\/wordpress\/wp-json\/wp\/v2\/posts\/367\/revisions"}],"predecessor-version":[{"id":368,"href":"https:\/\/sebastiandiezig.com\/wordpress\/wp-json\/wp\/v2\/posts\/367\/revisions\/368"}],"wp:attachment":[{"href":"https:\/\/sebastiandiezig.com\/wordpress\/wp-json\/wp\/v2\/media?parent=367"}],"wp:term":[{"taxonomy":"category","embeddable":true,"href":"https:\/\/sebastiandiezig.com\/wordpress\/wp-json\/wp\/v2\/categories?post=367"},{"taxonomy":"post_tag","embeddable":true,"href":"https:\/\/sebastiandiezig.com\/wordpress\/wp-json\/wp\/v2\/tags?post=367"}],"curies":[{"name":"wp","href":"https:\/\/api.w.org\/{rel}","templated":true}]}}