{"id":377,"date":"2011-12-23T14:45:19","date_gmt":"2011-12-23T12:45:19","guid":{"rendered":"http:\/\/sebastiandiezig.com\/wordpress\/?p=377"},"modified":"2013-08-30T11:50:08","modified_gmt":"2013-08-30T09:50:08","slug":"traditionelles-barockkonzert-in-blitzingen","status":"publish","type":"post","link":"https:\/\/sebastiandiezig.com\/wordpress\/traditionelles-barockkonzert-in-blitzingen\/","title":{"rendered":"Traditionelles Barockkonzert in Blitzingen"},"content":{"rendered":"<p><img loading=\"lazy\" decoding=\"async\" style=\"float: right; margin: 10px;\" alt=\"Blitzingen\" src=\"http:\/\/sebastiandiezig.com\/Deutsch\/Resources\/blitzingen.jpeg\" width=\"204\" height=\"154\" \/><\/p>\n<p>Am<strong>\u00a029.12.2011 um 18h<\/strong>\u00a0spiele ich in der Kirche Blitzingen VS mit Silvia Nowak (Blockfl\u00f6ten und Cembalo), Bernard Maillard (Tenor) und meiner Frau Paula Novoa (Violine) das traditionelle &#8220;Festliche Barockkonzert zum Jahresausklang&#8221;. Dieses Konzert erfreut sich im Goms grosser Beliebtheit und es w\u00e4re sch\u00f6n, auch Sie dort zu sehen. Auf dem Programm stehen Werke von J.C. Schickardt (&#8220;Folia&#8221;), Kantaten von Telemann und Buxtehude, die ber\u00fchmte Halvorsen-Bearbeitung der Haendel-Passacaglia f\u00fcr Violine und Cello, Ausz\u00fcge aus den Bach-Gambensonaten sowie zum Schluss ein Weihnachtslied f\u00fcr alle zum Mitsingen. Eintritt ist frei, Kollekte wird am Ausgang erbeten. Was ich unbedingt erw\u00e4hnen muss ist\u00a0<strong>das kostenlose Ap\u00e9ro<\/strong>\u00a0im Anschluss ans Konzert, zu dem alle Konzertbesucher herzlich eingeladen sind.<\/p>\n<p>Ich w\u00fcnsche all den zahlreichen Besuchern dieser Webseite frohe Weihnachten und ein gutes neues Jahr und vielleicht bis bald einmal an einem Konzert!<\/p>\n","protected":false},"excerpt":{"rendered":"<p>Am\u00a029.12.2011 um 18h\u00a0spiele ich in der Kirche Blitzingen VS mit Silvia Nowak (Blockfl\u00f6ten und Cembalo), Bernard Maillard (Tenor) und meiner Frau Paula Novoa (Violine) das traditionelle &#8220;Festliche Barockkonzert zum Jahresausklang&#8221;. Dieses Konzert erfreut sich im Goms grosser Beliebtheit und es w\u00e4re sch\u00f6n, auch Sie dort zu sehen. Auf dem Programm stehen Werke von J.C. Schickardt [&hellip;]<\/p>\n","protected":false},"author":1,"featured_media":0,"comment_status":"open","ping_status":"open","sticky":false,"template":"","format":"standard","meta":{"_jetpack_memberships_contains_paid_content":false,"footnotes":""},"categories":[6],"tags":[79,48],"class_list":["post-377","post","type-post","status-publish","format-standard","hentry","category-sebastian-diezigs-news","tag-blitzingen","tag-konzertnews"],"jetpack_featured_media_url":"","jetpack_sharing_enabled":true,"_links":{"self":[{"href":"https:\/\/sebastiandiezig.com\/wordpress\/wp-json\/wp\/v2\/posts\/377","targetHints":{"allow":["GET"]}}],"collection":[{"href":"https:\/\/sebastiandiezig.com\/wordpress\/wp-json\/wp\/v2\/posts"}],"about":[{"href":"https:\/\/sebastiandiezig.com\/wordpress\/wp-json\/wp\/v2\/types\/post"}],"author":[{"embeddable":true,"href":"https:\/\/sebastiandiezig.com\/wordpress\/wp-json\/wp\/v2\/users\/1"}],"replies":[{"embeddable":true,"href":"https:\/\/sebastiandiezig.com\/wordpress\/wp-json\/wp\/v2\/comments?post=377"}],"version-history":[{"count":2,"href":"https:\/\/sebastiandiezig.com\/wordpress\/wp-json\/wp\/v2\/posts\/377\/revisions"}],"predecessor-version":[{"id":379,"href":"https:\/\/sebastiandiezig.com\/wordpress\/wp-json\/wp\/v2\/posts\/377\/revisions\/379"}],"wp:attachment":[{"href":"https:\/\/sebastiandiezig.com\/wordpress\/wp-json\/wp\/v2\/media?parent=377"}],"wp:term":[{"taxonomy":"category","embeddable":true,"href":"https:\/\/sebastiandiezig.com\/wordpress\/wp-json\/wp\/v2\/categories?post=377"},{"taxonomy":"post_tag","embeddable":true,"href":"https:\/\/sebastiandiezig.com\/wordpress\/wp-json\/wp\/v2\/tags?post=377"}],"curies":[{"name":"wp","href":"https:\/\/api.w.org\/{rel}","templated":true}]}}