{"id":4120,"date":"2022-03-17T02:32:00","date_gmt":"2022-03-17T00:32:00","guid":{"rendered":"http:\/\/sebastiandiezig.com\/wordpress\/?p=4120"},"modified":"2022-03-15T02:35:14","modified_gmt":"2022-03-15T00:35:14","slug":"qa-tipps-fur-cellostachel-und-birne","status":"publish","type":"post","link":"https:\/\/sebastiandiezig.com\/wordpress\/qa-tipps-fur-cellostachel-und-birne\/","title":{"rendered":"Q&#038;A: Tipps f\u00fcr Cellostachel und Birne?"},"content":{"rendered":"\n<p>Ab und zu stellen mir Leser eine Frage von allgemeinem Interesse. Ich publiziere sie dann mit meiner Antwort anonymisiert unter der Rubrik Q &amp; A (Question&nbsp;and Answer). Z\u00f6gern Sie nicht:&nbsp;Auch Sie k\u00f6nnen mir&nbsp;<a href=\"http:\/\/sebastiandiezig.com\/wordpress\/kurzschluss\/\">Ihre Frage stellen<\/a>.<\/p>\n\n\n\n<p><strong>Frage:<br><\/strong>M\u00f6gen Sie mir einen Tipp geben in puncto Cellostachel und Birne?<br>Suche nach Klangverst\u00e4rkung und Elastizit\u00e4t des Tones. Liess mir sagen, dass ein neuer guter (?) Stachel hier Wertvolles leisten k\u00f6nnte. Aber welchen w\u00fcrden Sie empfehlen? Marke, Material, Form?<\/p>\n\n\n\n<p><strong>Antwort:<\/strong><br>Ich selbst habe weder einen speziellen Stachel noch eine besondere Birne. Ich kann mir einfach nicht vorstellen, dass an dieser Extremit\u00e4t des Cellos klanglich viel passiert. In der Tat habe ich aber mal den Spezialstachel eines Kollegen an meinem Cello ausprobieren d\u00fcrfen. Es war ein ziemlich teures Modell mit etlichen kleinen L\u00f6chern und einer gefederten Spitze. Ich stellte klanglich keinen Unterschied zu meinem gew\u00f6hnlichen Stachel fest, um ganz ehrlich zu sein. Es gibt ab und zu Kollegen, die von solchen Stacheln \u00fcberzeugt sind und darauf schw\u00f6ren. Wunder w\u00fcrde ich davon aber sicher keine erwarten. Mein Hauptkriterium beim Stachel ist die Stabilit\u00e4t (m\u00f6chte keinen, der im Konzert bricht und auch keinen, der das Cello \u00fcberm\u00e4ssig wackeln l\u00e4sst, wenn man mit Kraft spielt).<br>Dass die Birne einen Einfluss auf den Klang h\u00e4tte, war mir nicht bekannt. Auch da w\u00fcrde ich eher keine grossen Klangverbesserungen vermuten.<br>Bei den Saitenhaltern gibt sehr ausgefallene, asymmetrische Modelle, zum Teil sogar aus Carbon, aber ich habe sie nie probiert. Sie sind normalerweise teuer und sehen unsch\u00f6n aus am Cello. Und ob sie tats\u00e4chlich eine Verbesserung bringen, wage ich zu bezweifeln. Ich ben\u00fctze den Weidler Acusticus. Er ist aus Kunststoff und nicht teuer. Mein Geigenbauer hat mir plausibel erkl\u00e4rt, warum die durch das Material erm\u00f6glichte Flexibilit\u00e4t dieses Modells f\u00fcr den Klang gut ist. <br>Meiner Erfahrung nach haben auf den Klang den massgeblichen Einfluss vor allem folgende Faktoren:<br>1. die Qualit\u00e4t des Cellos selbst<br>2. der Steg<br>3. die Saiten<br>4. die Qualit\u00e4t des Bogens<br>5. der Spieler<br><br><\/p>\n","protected":false},"excerpt":{"rendered":"<p>Ab und zu stellen mir Leser eine Frage von allgemeinem Interesse. Ich publiziere sie dann mit meiner Antwort anonymisiert unter der Rubrik Q &amp; A (Question&nbsp;and Answer). Z\u00f6gern Sie nicht:&nbsp;Auch Sie k\u00f6nnen mir&nbsp;Ihre Frage stellen. Frage:M\u00f6gen Sie mir einen Tipp geben in puncto Cellostachel und Birne?Suche nach Klangverst\u00e4rkung und Elastizit\u00e4t des Tones. Liess mir sagen, [&hellip;]<\/p>\n","protected":false},"author":1,"featured_media":2073,"comment_status":"open","ping_status":"open","sticky":false,"template":"","format":"standard","meta":{"_jetpack_memberships_contains_paid_content":false,"footnotes":""},"categories":[19,5,3,301],"tags":[322,525,63,402,306,404],"class_list":["post-4120","post","type-post","status-publish","format-standard","has-post-thumbnail","hentry","category-ausstattung","category-cello-tipps","category-blog","category-q-a","tag-ausstattung","tag-birne","tag-cello-tipps-2","tag-qa","tag-saitenhalter","tag-stachel"],"jetpack_featured_media_url":"https:\/\/sebastiandiezig.com\/wordpress\/wp-content\/uploads\/2015\/07\/QA.jpg","jetpack_sharing_enabled":true,"_links":{"self":[{"href":"https:\/\/sebastiandiezig.com\/wordpress\/wp-json\/wp\/v2\/posts\/4120","targetHints":{"allow":["GET"]}}],"collection":[{"href":"https:\/\/sebastiandiezig.com\/wordpress\/wp-json\/wp\/v2\/posts"}],"about":[{"href":"https:\/\/sebastiandiezig.com\/wordpress\/wp-json\/wp\/v2\/types\/post"}],"author":[{"embeddable":true,"href":"https:\/\/sebastiandiezig.com\/wordpress\/wp-json\/wp\/v2\/users\/1"}],"replies":[{"embeddable":true,"href":"https:\/\/sebastiandiezig.com\/wordpress\/wp-json\/wp\/v2\/comments?post=4120"}],"version-history":[{"count":4,"href":"https:\/\/sebastiandiezig.com\/wordpress\/wp-json\/wp\/v2\/posts\/4120\/revisions"}],"predecessor-version":[{"id":4124,"href":"https:\/\/sebastiandiezig.com\/wordpress\/wp-json\/wp\/v2\/posts\/4120\/revisions\/4124"}],"wp:featuredmedia":[{"embeddable":true,"href":"https:\/\/sebastiandiezig.com\/wordpress\/wp-json\/wp\/v2\/media\/2073"}],"wp:attachment":[{"href":"https:\/\/sebastiandiezig.com\/wordpress\/wp-json\/wp\/v2\/media?parent=4120"}],"wp:term":[{"taxonomy":"category","embeddable":true,"href":"https:\/\/sebastiandiezig.com\/wordpress\/wp-json\/wp\/v2\/categories?post=4120"},{"taxonomy":"post_tag","embeddable":true,"href":"https:\/\/sebastiandiezig.com\/wordpress\/wp-json\/wp\/v2\/tags?post=4120"}],"curies":[{"name":"wp","href":"https:\/\/api.w.org\/{rel}","templated":true}]}}