{"id":4621,"date":"2025-10-10T16:46:11","date_gmt":"2025-10-10T14:46:11","guid":{"rendered":"https:\/\/sebastiandiezig.com\/wordpress\/?p=4621"},"modified":"2025-10-13T08:49:16","modified_gmt":"2025-10-13T06:49:16","slug":"diezig-solo-sonata-op-3","status":"publish","type":"post","link":"https:\/\/sebastiandiezig.com\/wordpress\/diezig-solo-sonata-op-3\/","title":{"rendered":"Diezig Solo Sonata op. 3"},"content":{"rendered":"\n<p><strong>Diezig: Cellosonate op. 3 (2020)<\/strong>&nbsp;\u2013&nbsp;<em>Eine neue Solosonate f\u00fcr Violoncello<\/em><\/p>\n\n\n\n<ol class=\"wp-block-list\">\n<li>Andante<\/li>\n\n\n\n<li>Largo<\/li>\n\n\n\n<li>Presto<\/li>\n<\/ol>\n\n\n\n<p><strong>Sebastian Diezig \u2013 Violoncello<\/strong><br><a href=\"http:\/\/www.sebastiandiezig.com\/\">www.SebastianDiezig.com<\/a><\/p>\n\n\n\n<figure class=\"wp-block-embed is-type-video is-provider-youtube wp-block-embed-youtube wp-embed-aspect-16-9 wp-has-aspect-ratio\"><div class=\"wp-block-embed__wrapper\">\n<iframe loading=\"lazy\" title=\"Diezig Solo Sonata for cello op. 3 (2020) \u2013 A new Solo Sonata for the cello\" width=\"980\" height=\"551\" src=\"https:\/\/www.youtube.com\/embed\/mTLnQyWMMLM?feature=oembed\" frameborder=\"0\" allow=\"accelerometer; autoplay; clipboard-write; encrypted-media; gyroscope; picture-in-picture; web-share\" referrerpolicy=\"strict-origin-when-cross-origin\" allowfullscreen><\/iframe>\n<\/div><\/figure>\n\n\n\n<p>Mit der richtigen Literatur erweist sich das Violoncello als ein erstaunlich ausdrucksstarkes und vielseitiges Soloinstrument. Die Sonate, die ich 2020 komponiert habe, lotet alles aus, was das Cello zu bieten hat, und ich freue mich, nun endlich ein Video davon zu ver\u00f6ffentlichen. Auf der Suche nach gr\u00f6sstm\u00f6glicher Polyphonie sowie harmonischer und melodischer Sch\u00f6nheit umfasst dieses Werk drei kontrastierende S\u00e4tze.<\/p>\n\n\n\n<p>Als junger Cellist bewunderte ich stets die grossen Geigerinnen und Geiger daf\u00fcr, wie m\u00fchelos und nat\u00fcrlich sie ihre Instrumente zum Singen brachten. Dies half mir damals auf der Suche nach meinem Klangideal. Heute stelle ich mir zudem aber oft vor, das Cello sei fast ebenso f\u00e4hig zu reicher Polyphonie wie das Klavier, und so versuche ich, das Cello so zu nutzen, als w\u00e4re es ein Steinway. Grosse Pianistinnen und Pianisten sind mir eine starke Inspirationsquelle \u2013 ebenso bedeutende S\u00e4ngerinnen und S\u00e4nger und nat\u00fcrlich das Sinfonieorchester mit seiner praktisch unbegrenzten Polyphonie, Farbenpalette und Klangweite.<\/p>\n\n\n\n<p>Ein weiterer Gedanke, der mich fasziniert, ist das Konzept der&nbsp;<em>One-Man-Band<\/em>: Alles \u2013 von der Komposition \u00fcber das Spielen, Aufnehmen und Bearbeiten bis hin zur Ver\u00f6ffentlichung \u2013 wird von einer einzigen Person gemacht. Das sind einige der Ideen hinter dem Projekt, das heute seinen Abschluss findet.<\/p>\n\n\n\n<p>Alles Weitere lade ich Sie ein, selbst in dieser neuen Sonate f\u00fcr Violoncello solo zu entdecken!<\/p>\n\n\n\n<p>Die Noten sind erh\u00e4ltlich unter&nbsp;<a href=\"http:\/\/www.sebastiandiezig.com\/wordpress\/shop\">www.SebastianDiezig.com\/wordpress\/shop<\/a><\/p>\n","protected":false},"excerpt":{"rendered":"<p>Diezig: Cellosonate op. 3 (2020)&nbsp;\u2013&nbsp;Eine neue Solosonate f\u00fcr Violoncello Sebastian Diezig \u2013 Violoncellowww.SebastianDiezig.com Mit der richtigen Literatur erweist sich das Violoncello als ein erstaunlich ausdrucksstarkes und vielseitiges Soloinstrument. Die Sonate, die ich 2020 komponiert habe, lotet alles aus, was das Cello zu bieten hat, und ich freue mich, nun endlich ein Video davon zu ver\u00f6ffentlichen. [&hellip;]<\/p>\n","protected":false},"author":1,"featured_media":0,"comment_status":"open","ping_status":"open","sticky":false,"template":"","format":"standard","meta":{"_jetpack_memberships_contains_paid_content":false,"footnotes":""},"categories":[3,6,20,29],"tags":[561,39,558],"class_list":["post-4621","post","type-post","status-publish","format-standard","hentry","category-blog","category-sebastian-diezigs-news","category-videos","category-videos-diezigs-own-compositions","tag-komposition","tag-sebastian-diezig","tag-solo-sonate-op-3"],"jetpack_featured_media_url":"","jetpack_sharing_enabled":true,"_links":{"self":[{"href":"https:\/\/sebastiandiezig.com\/wordpress\/wp-json\/wp\/v2\/posts\/4621","targetHints":{"allow":["GET"]}}],"collection":[{"href":"https:\/\/sebastiandiezig.com\/wordpress\/wp-json\/wp\/v2\/posts"}],"about":[{"href":"https:\/\/sebastiandiezig.com\/wordpress\/wp-json\/wp\/v2\/types\/post"}],"author":[{"embeddable":true,"href":"https:\/\/sebastiandiezig.com\/wordpress\/wp-json\/wp\/v2\/users\/1"}],"replies":[{"embeddable":true,"href":"https:\/\/sebastiandiezig.com\/wordpress\/wp-json\/wp\/v2\/comments?post=4621"}],"version-history":[{"count":2,"href":"https:\/\/sebastiandiezig.com\/wordpress\/wp-json\/wp\/v2\/posts\/4621\/revisions"}],"predecessor-version":[{"id":4627,"href":"https:\/\/sebastiandiezig.com\/wordpress\/wp-json\/wp\/v2\/posts\/4621\/revisions\/4627"}],"wp:attachment":[{"href":"https:\/\/sebastiandiezig.com\/wordpress\/wp-json\/wp\/v2\/media?parent=4621"}],"wp:term":[{"taxonomy":"category","embeddable":true,"href":"https:\/\/sebastiandiezig.com\/wordpress\/wp-json\/wp\/v2\/categories?post=4621"},{"taxonomy":"post_tag","embeddable":true,"href":"https:\/\/sebastiandiezig.com\/wordpress\/wp-json\/wp\/v2\/tags?post=4621"}],"curies":[{"name":"wp","href":"https:\/\/api.w.org\/{rel}","templated":true}]}}