{"id":475,"date":"2010-11-10T00:25:05","date_gmt":"2010-11-09T22:25:05","guid":{"rendered":"http:\/\/sebastiandiezig.com\/wordpress\/?p=475"},"modified":"2013-08-30T11:55:50","modified_gmt":"2013-08-30T09:55:50","slug":"presseartikel-der-junge-freiburger-cellist-ist-nun-da-wo-viele-andere-musiker-auch-hinmochten-freiburger-nachrichten","status":"publish","type":"post","link":"https:\/\/sebastiandiezig.com\/wordpress\/presseartikel-der-junge-freiburger-cellist-ist-nun-da-wo-viele-andere-musiker-auch-hinmochten-freiburger-nachrichten\/","title":{"rendered":"Presseartikel: &#8220;Der junge Freiburger Cellist ist nun da, wo viele andere Musiker auch hinm\u00f6chten&#8221; (Freiburger Nachrichten)"},"content":{"rendered":"<table border=\"0\" cellspacing=\"6\" cellpadding=\"0\">\n<tbody>\n<tr>\n<td valign=\"top\"><strong>Datum:<\/strong><\/td>\n<td valign=\"top\">10.11.2010<\/td>\n<\/tr>\n<tr>\n<td valign=\"top\"><strong>Medium:<\/strong><\/td>\n<td valign=\"top\">Freiburger Nachrichten<\/td>\n<\/tr>\n<tr>\n<td valign=\"top\"><strong>Titel:<\/strong><\/td>\n<td valign=\"top\"><strong>Der junge Freiburger Cellist ist nun da, wo viele andere Musiker auch hinm\u00f6chten<\/strong><\/td>\n<\/tr>\n<tr>\n<td valign=\"top\"><strong>Original:<\/strong><\/td>\n<td valign=\"top\">Ja:\u00a0<a href=\"http:\/\/sebastiandiezig.com\/wordpress\/wp-content\/uploads\/2013\/08\/SebastianDiezigFreiburgerNachrichten.pdf\">SebastianDiezigFreiburgerNachrichten<\/a><\/td>\n<\/tr>\n<\/tbody>\n<\/table>\n<p><strong>Der junge Freiburger Cellist ist nun da, wo viele andere Musiker auch hinm\u00f6chten<\/strong><\/p>\n<p>&nbsp;<\/p>\n<p><strong>Sebastian Diezig ist in St. Ursen aufgewachsen und jetzt sitzt der Cellist in der vordersten Reihe im Luzerner Sinfonieorchester.<\/strong><\/p>\n<p>IRMGARD LEHMANN<\/p>\n<p>Seit \u00fcber 20 Jahren geh\u00f6rt das Cello zu seinem Leben. Mit sechs Jahren ist es passiert. Ein Onkel spielte das Instrument: \u00abDiese tiefen T\u00f6ne haben mich derart fasziniert, dass ich nur noch eines wollte \u2013 n\u00e4mlich Cello spielen\u00bb, erz\u00e4hlt Sebastian Diezig. Er ging ans Freiburger Konservatorium zu Pierre-Bernard Sudan, spielte im Jugendorchester Freiburg mit und mit 15 Jahren war es f\u00fcr ihn klar: er wollte Berufsmusiker werden.<\/p>\n<p>Bei Marc Jaermann in Lausanne holte sich Sebastian Diezig das Lehrdiplom und beim renommierten Schweizer Cellisten Thomas Demenga an der Musikhochschule Basel das Konzert- und Solistendiplom. Seit Kurzem ist der Freiburger stellvertretender Solo-Cellist im Luzerner Sinfonieorchester. Eine begehrte Stelle, die man nicht einfach so bekommt.<\/p>\n<p><strong>Gerangel um die Stelle<\/strong><\/p>\n<p>Die Anzahl der Orchester ist kleiner geworden. Die Konkurrenz von guten Orchestern und Musikern aus dem Osten aber gr\u00f6sser. Das Niveau der Musiker ist gestiegen und der Markt globaler geworden. Musikerinnen und Musiker finden daher nicht mehr so leicht einen Orchesterplatz. \u00abAuf eine Ausschreibung melden sich \u00fcber hundert Interessierte\u00bb, sagt Sebastian Diezig.<\/p>\n<p>Er war einer der dreissig Eingeladenen beim Luzerner Sinfonieorchester f\u00fcr die Besetzung der Stelle als stellvertretender Solo-Cellist. Bis es so weit ist, muss ein Kandidat allerdings einiges auf sich nehmen und drei Durchg\u00e4nge \u00fcberstehen: In allen Durchg\u00e4ngen \u2013 der erste hinter dem Vorhang \u2013 ist den Kandidaten nur ein kurzer Auftritt von drei, vier Minuten einger\u00e4umt. \u00abIch war nie so nerv\u00f6s wie bei diesem Vorspiel\u00bb, kommentiert Sebastian Diezig diese Erfahrung. Bis Ende Jahr dauert nun die Probezeit.<\/p>\n<p><strong>Der Traum, Solist zu sein<\/strong><\/p>\n<p>Sebastian Diezig ist ein \u00e4usserst zielstrebiger Musiker, der sich zu vermarkten weiss. Auf der Homepage heisst es etwa: \u00abDer Schweizer Cellist ist ein gefragter Solist und Kammermusiker.\u00bb Aufgelistet sind Wettbewerbe und Preise, die er gewonnen, Orchester, mit denen er gespielt hat.<\/p>\n<p>Der Freiburger weiss, dass es nicht anders geht. \u00abDie Engagements muss ich selber an Land ziehen und muss an viele T\u00fcren klopfen.\u00bb Die Konkurrenz sei gross, der Markt \u00fcbers\u00e4ttigt. Noch kann er sich keinen Konzertagenten leisten. Und der grosse Traum eines jeden Musikers ist nun mal die Solistenkarriere.<\/p>\n<p><strong>Das Hobby als Beruf<\/strong><\/p>\n<p>Der 27-J\u00e4hrige f\u00fchrt ein diszipliniertes Leben, \u00fcbt t\u00e4glich drei Stunden, h\u00f6rt sich Konzertaufnahmen an, studiert Partituren, gleicht mit t\u00e4glichem Sport aus, schwimmt und f\u00e4hrt Rennrad: \u00abIch verbringe aber auch Zeit mit meiner Frau\u00bb, f\u00fcgt er bei. Seine Frau, die Geigerin Paula Novoa, ist S\u00fcdamerikanerin. \u00abIch habe sie am Konsi Freiburg kennengelernt, als sie bei Gyula Stuller studierte.\u00bb Das Paar wohnt in Luzern.<\/p>\n<p>Er habe sein Hobby zum Beruf gemacht und das sei ein grosses Gl\u00fcck. \u00abMan ist ein Leben lang am Lernen, kann sich jeden Tag verbessern; und das ist das Sch\u00f6ne an diesem Beruf\u00bb, meint der junge Musiker, der auch einmal dran gedacht hat, Bauer oder Lastwagenchauffeur zu werden.<\/p>\n<p>&nbsp;<\/p>\n<p><strong>Konzerte<\/strong><\/p>\n<p><strong>In Villars-sur-Gl\u00e2ne, Murten und Luzern<\/strong><\/p>\n<p>Sebastian Diezig spielt ein \u00abwundersch\u00f6nes Cello\u00bb, das einst seinem Meister Thomas Demenga geh\u00f6rte. Am 13. November spielt er mit dem Freiburger Kammerorchester in Villars-sur-Gl\u00e2ne und am 14. November in Murten. Sebastian Diezig ist Solist in Haydns C-Dur-Cellokonzert. Mit dem Luzerner Sinfonierorchester im KKL Luzern tritt der Freiburger am 1. und 2. Dezember (Brahms, Chopin) sowie am 10. Dezember auf. (5. Klavierkonzert von Beethoven, Haydnsinfonie, 7. Sinfonie von Schubert). Vom 22. bis 28. November findet in Luzern ebenfalls das \u00abLucerne Festival am Piano\u00bb statt. il<\/p>\n<p>Espace Nuithonie, Villars-sur-Gl\u00e2ne, Sa., 13. November, 18.00 Uhr; Deutsche Kirche, Murten, So., 14. November, 17 Uhr. Infos: www.SebastianDiezig.com: Konzerte Luzern: www.sinfonieorchester.ch; www.lucernefestival.ch.<\/p>\n<p>&nbsp;<\/p>\n<p>&nbsp;<\/p>\n<p>&nbsp;<\/p>\n<p>&nbsp;<\/p>\n<p>&nbsp;<\/p>\n","protected":false},"excerpt":{"rendered":"<p>Datum: 10.11.2010 Medium: Freiburger Nachrichten Titel: Der junge Freiburger Cellist ist nun da, wo viele andere Musiker auch hinm\u00f6chten Original: Ja:\u00a0SebastianDiezigFreiburgerNachrichten Der junge Freiburger Cellist ist nun da, wo viele andere Musiker auch hinm\u00f6chten &nbsp; Sebastian Diezig ist in St. Ursen aufgewachsen und jetzt sitzt der Cellist in der vordersten Reihe im Luzerner Sinfonieorchester. IRMGARD [&hellip;]<\/p>\n","protected":false},"author":1,"featured_media":0,"comment_status":"open","ping_status":"open","sticky":false,"template":"","format":"standard","meta":{"_jetpack_memberships_contains_paid_content":false,"footnotes":""},"categories":[33],"tags":[43,45,98,90,323,91],"class_list":["post-475","post","type-post","status-publish","format-standard","hentry","category-presseartikel","tag-freiburger-nachrichten","tag-haydn","tag-lso","tag-murten","tag-presseartikel","tag-villars-sur-glane"],"jetpack_featured_media_url":"","jetpack_sharing_enabled":true,"_links":{"self":[{"href":"https:\/\/sebastiandiezig.com\/wordpress\/wp-json\/wp\/v2\/posts\/475","targetHints":{"allow":["GET"]}}],"collection":[{"href":"https:\/\/sebastiandiezig.com\/wordpress\/wp-json\/wp\/v2\/posts"}],"about":[{"href":"https:\/\/sebastiandiezig.com\/wordpress\/wp-json\/wp\/v2\/types\/post"}],"author":[{"embeddable":true,"href":"https:\/\/sebastiandiezig.com\/wordpress\/wp-json\/wp\/v2\/users\/1"}],"replies":[{"embeddable":true,"href":"https:\/\/sebastiandiezig.com\/wordpress\/wp-json\/wp\/v2\/comments?post=475"}],"version-history":[{"count":1,"href":"https:\/\/sebastiandiezig.com\/wordpress\/wp-json\/wp\/v2\/posts\/475\/revisions"}],"predecessor-version":[{"id":477,"href":"https:\/\/sebastiandiezig.com\/wordpress\/wp-json\/wp\/v2\/posts\/475\/revisions\/477"}],"wp:attachment":[{"href":"https:\/\/sebastiandiezig.com\/wordpress\/wp-json\/wp\/v2\/media?parent=475"}],"wp:term":[{"taxonomy":"category","embeddable":true,"href":"https:\/\/sebastiandiezig.com\/wordpress\/wp-json\/wp\/v2\/categories?post=475"},{"taxonomy":"post_tag","embeddable":true,"href":"https:\/\/sebastiandiezig.com\/wordpress\/wp-json\/wp\/v2\/tags?post=475"}],"curies":[{"name":"wp","href":"https:\/\/api.w.org\/{rel}","templated":true}]}}