{"id":478,"date":"2010-11-14T00:26:17","date_gmt":"2010-11-13T22:26:17","guid":{"rendered":"http:\/\/sebastiandiezig.com\/wordpress\/?p=478"},"modified":"2013-08-30T11:55:15","modified_gmt":"2013-08-30T09:55:15","slug":"presseartikel-brillanter-solocellist-spielt-in-murten-murtenbieter","status":"publish","type":"post","link":"https:\/\/sebastiandiezig.com\/wordpress\/presseartikel-brillanter-solocellist-spielt-in-murten-murtenbieter\/","title":{"rendered":"Presseartikel: &#8220;Brillanter Solocellist spielt in Murten&#8221; (Murtenbieter)"},"content":{"rendered":"<table border=\"0\" cellspacing=\"6\" cellpadding=\"0\">\n<tbody>\n<tr>\n<td valign=\"top\"><strong>Datum:<\/strong><\/td>\n<td valign=\"top\">14.11.2010<\/td>\n<\/tr>\n<tr>\n<td valign=\"top\"><strong>Medium:<\/strong><\/td>\n<td valign=\"top\">Murtenbieter<\/td>\n<\/tr>\n<tr>\n<td valign=\"top\"><strong>Titel:<\/strong><\/td>\n<td valign=\"top\"><strong>Brillanter Solocellist spielt in Murten<\/strong><\/td>\n<\/tr>\n<tr>\n<td valign=\"top\"><strong>Original:<\/strong><\/td>\n<td valign=\"top\">Nein<\/td>\n<\/tr>\n<\/tbody>\n<\/table>\n<p>&nbsp;<\/p>\n<p><strong>Brillanter Solocellist spielt in Murten<\/strong><\/p>\n<p>&nbsp;<\/p>\n<p>Murten \/ Am Sonntag, 14. November 2010 um 17 Uhr spielt der Cellist Sebastian Diezig begleitet durch das Freiburger Kammerorchester unter der Leitung von M. Laurent Gendre in der Deutschen Kirche Murten.<\/p>\n<p>Der gefragte Solist und Kammermusiker ist in St. Ursen FR aufgewachsen, studierte bei Pierre-Bernard Sudan, Marc Jaermann und zuletzt bei Thomas Demenga, bei dem er im Jahr 2008 seine Studien mit einem brillanten Solistendiplom abschloss. Seine Kammermusiklehrer waren Walter Levin f\u00fcr das Streichquartett und G\u00e9rard Wyss f\u00fcr das Klaviertrio.<\/p>\n<p>Er tritt mit Orchestern auf wie dem Basler Sinfonieorchester, dem Orchestra della Svizzera Italiana, den Budweiser Philharmonikern, dem Orchester des Festivals Boswiler Sommer und anderen mehr sowie an den Festivals Lucerne Festival, Young Artists in Concert Davos, Sine Nomine Festival in Lausanne, Boswiler Sommer, Festival Viva Cello in Liestal, und Steirischer Kammermusiksommer in Graz.<\/p>\n<p>&nbsp;<\/p>\n<p><strong>Erfolgreich als Solocellist<\/strong><\/p>\n<p>Der 27-J\u00e4hrige war einer der drei Solisten, die Bachs Cellosuiten in der Spielzeit 08\/09 am Lucerne Festival, dem Th\u00e9\u00e2tre de la Monnaie in Br\u00fcssel, dem Grand-Th\u00e9\u00e2tre du Luxembourg sowie an den Theatern Freiburg und Heidelberg mit einer Choreographie von Joachim Schloemer interpretierten.<\/p>\n<p>Zudem ist Sebastian Diezig Preistr\u00e4ger zahlreicher Wettberwerbe: Im Jahr 2008 gewann er den 3. Preis am Internationalen Cellowettbewerb Gianni Bergamo Classic Award in Lugano; den Spezialpreis f\u00fcr die beste Interpretation des Pflichtst\u00fccks am Internationalen Cellowettbewerb Antonio Janigro in Zagreb; einen Anerkennungspreis am Wettbewerb der Stiftung Basler Orchester-Gesellschaft; sowie einen Studienpreis am Wettbewerb der Stiftung Friedl Wald in Basel. 2003 gewann er den 3. Preis am Concours de l&#8217;interpr\u00e9tation musicale de Lausanne. Er war zudem Stipendant der Fondation Pierre et Ren\u00e9e Glasson in Fribourg.<\/p>\n<p>Zur Zeit ist Diezig Stellvertretender Solo-Cellist im Luzerner Sinfonie-Orchester.<\/p>\n<p>Der passionierte Musiker spielt ein wundersch\u00f6nes Cello von Phillip Cray, Basel aus dem Jahr 2000, welches vorher vom grossen Schweizer Cellisten Thomas Demenga gespielt wurde. In der Deutschen Kirche spielt der Cellist das Haydn Cellokonzert in C-Dur. Weiter auf dem Programm stehen Wolfgang Amadeus Mozarts ber\u00fchmte Sinfonie Nr. 29 in A-Dur und Joseph Martin Kraus&#8217; Sinfonie in c-moll (1783).<\/p>\n","protected":false},"excerpt":{"rendered":"<p>Datum: 14.11.2010 Medium: Murtenbieter Titel: Brillanter Solocellist spielt in Murten Original: Nein &nbsp; Brillanter Solocellist spielt in Murten &nbsp; Murten \/ Am Sonntag, 14. November 2010 um 17 Uhr spielt der Cellist Sebastian Diezig begleitet durch das Freiburger Kammerorchester unter der Leitung von M. Laurent Gendre in der Deutschen Kirche Murten. Der gefragte Solist und [&hellip;]<\/p>\n","protected":false},"author":1,"featured_media":0,"comment_status":"open","ping_status":"open","sticky":false,"template":"","format":"standard","meta":{"_jetpack_memberships_contains_paid_content":false,"footnotes":""},"categories":[33],"tags":[45,90,105,323],"class_list":["post-478","post","type-post","status-publish","format-standard","hentry","category-presseartikel","tag-haydn","tag-murten","tag-murtenbieter","tag-presseartikel"],"jetpack_featured_media_url":"","jetpack_sharing_enabled":true,"_links":{"self":[{"href":"https:\/\/sebastiandiezig.com\/wordpress\/wp-json\/wp\/v2\/posts\/478","targetHints":{"allow":["GET"]}}],"collection":[{"href":"https:\/\/sebastiandiezig.com\/wordpress\/wp-json\/wp\/v2\/posts"}],"about":[{"href":"https:\/\/sebastiandiezig.com\/wordpress\/wp-json\/wp\/v2\/types\/post"}],"author":[{"embeddable":true,"href":"https:\/\/sebastiandiezig.com\/wordpress\/wp-json\/wp\/v2\/users\/1"}],"replies":[{"embeddable":true,"href":"https:\/\/sebastiandiezig.com\/wordpress\/wp-json\/wp\/v2\/comments?post=478"}],"version-history":[{"count":1,"href":"https:\/\/sebastiandiezig.com\/wordpress\/wp-json\/wp\/v2\/posts\/478\/revisions"}],"predecessor-version":[{"id":479,"href":"https:\/\/sebastiandiezig.com\/wordpress\/wp-json\/wp\/v2\/posts\/478\/revisions\/479"}],"wp:attachment":[{"href":"https:\/\/sebastiandiezig.com\/wordpress\/wp-json\/wp\/v2\/media?parent=478"}],"wp:term":[{"taxonomy":"category","embeddable":true,"href":"https:\/\/sebastiandiezig.com\/wordpress\/wp-json\/wp\/v2\/categories?post=478"},{"taxonomy":"post_tag","embeddable":true,"href":"https:\/\/sebastiandiezig.com\/wordpress\/wp-json\/wp\/v2\/tags?post=478"}],"curies":[{"name":"wp","href":"https:\/\/api.w.org\/{rel}","templated":true}]}}